{"id":282814,"date":"2020-01-26T12:25:16","date_gmt":"2020-01-26T11:25:16","guid":{"rendered":"https:\/\/www.pcnen.com\/portal\/?p=282814"},"modified":"2020-01-26T13:12:31","modified_gmt":"2020-01-26T12:12:31","slug":"sinoc-na-zlatici-privedeno-10-osoba","status":"publish","type":"post","link":"https:\/\/www.pcnen.com\/portal\/2020\/01\/26\/sinoc-na-zlatici-privedeno-10-osoba\/","title":{"rendered":"Sino\u0107 na Zlatici privedeno 10 osoba"},"content":{"rendered":"<p>Deset osoba je uhap\u0161eno sino\u0107 tokom nereda u podgori\u010dkom naselju Zlatica. Iz Uprave policije saop\u0161tili su da ne\u0107e dozvoliti naru\u0161avanje javnog reda i mira, dodaju\u0107i da \u0107e sve izgrednike procesuirati.<\/p>\n<p>&#8220;Sino\u0107 je u podgori\u010dkom naslju Zlatica do\u0161lo do naru\u0161avanja javnog reda i mira od strane <a href=\"https:\/\/www.pcnen.com\/portal\/2020\/01\/25\/policija-bacila-suzavac-na-cuvare-murala\/\">vi\u0161e grupa okupljenih gra\u0111ana<\/a> a kojom prilikom su povrije\u0111ena tri slu\u017ebenika Uprave policije a osam policijskih vozila je o\u0161te\u0107eno. Zbog po\u010dinjenih krivi\u010dnih djela policijski slu\u017ebenici su li\u0161ili slobode 10 osoba,&#8221; navodi se u saop\u0161tenju Uprave policije.<\/p>\n<p>Uprava policije i komunalne slu\u017ebe Glavnog grada su sino\u0107 sprovodili zajedni\u010dku aktivnost na Zlatici u cilju <a href=\"https:\/\/www.pcnen.com\/portal\/2020\/01\/26\/perovic-izbjegavajte-sukob-sa-policijom\/\">saniranja javnih povr\u0161ina<\/a> kada je do\u0161lo do okupljanja gra\u0111ana koji su ih u tome sprje\u010davali i izazivali incidente.<\/p>\n<p>Oni su istakli da su policijski slu\u017ebenici pokazali visok stepen tolerancije i pozivali vi\u0161e puta gra\u0111ane da omogu\u0107e nadle\u017enim slu\u017ebama da sprovedu radnje iz svoje nadle\u017enosti. S obzirom na to da su gra\u0111ani i pored vi\u0161e upozorenja i nare\u0111enja odbili da se razi\u0111u policija je shodno zakonu primjenila sredstva prinude.<\/p>\n<p>Iz policije je saop\u0161teno da su okupljeni gra\u0111ani kamenovali policiju vi\u0161e puta a kojom prilikom su tri slu\u017ebenika Uprave policije zadobila lake tjelesne povrede. U ovim incidentima gra\u0111ani su o\u0161tetili i osam vozila u vlasni\u0161tvu Uprave policije.<\/p>\n<p>&#8220;Zbog naru\u0161avanja javnog reda i mira u slu\u017ebene prostorije Centra bezbjednosti Podgorica dovedeno je 13 lica. Nakon prikupljenih obavje\u0161tenja tri lica su pu\u0161tena, dok su slobode li\u0161eni: M.M. (21), R.M. (22), \u017d.M. (47), I.K. (18), R.\u017d. (29), M.\u017d. (29), D.B. (18) i N.K. (17) zbog sumnje da su po\u010dinili krivi\u010dno djelo napad na slu\u017ebeno lice u vr\u0161enju slu\u017ebene du\u017enosti i krivi\u010dno djelo uni\u0161tenje i o\u0161te\u0107enje tu\u0111e stvrari, dok su L.T. (22) i M.B. (30) li\u0161eni slobode zbog sumnje da su po\u010dinili krivi\u010dno djelo pozivanje na otpor&#8221;, navodi se u saop\u0161tenju.<\/p>\n<p>U toku je preduzimanje mjera i radnji u cilju identifikacije drugih u\u010desnika u ovom incidentu dok je odre\u0111eni broj lica poznat i potra\u017euje se.<\/p>\n<p>Uprava policije poziva gra\u0111ane da se prilikom javnih okupljanja uzdr\u017ee od izazivanja incidenata.<\/p>\n<p>&#8220;Ne\u0107emo dozvoliti naru\u0161avanje javnog reda i mira a svi izgrednici \u0107e biti procesuirani. Svi doga\u0111aji ove vrste \u0107e biti snimani shodno zakonskim propisima a na napade na policijske slu\u017ebenike \u0107emo odgovoriti energi\u010dno&#8221;, zaklju\u010duje se u saop\u0161tenju.<\/p>\n","protected":false},"excerpt":{"rendered":"<p>Iz Uprave policije saop\u0161tili su da ne\u0107e dozvoliti naru\u0161avanje javnog reda i mira, dodaju\u0107i da \u0107e sve izgrednike procesuirati.<\/p>\n","protected":false},"author":1,"featured_media":0,"comment_status":"open","ping_status":"closed","sticky":false,"template":"","format":"standard","meta":{"_seopress_robots_primary_cat":"","_seopress_titles_title":"","_seopress_titles_desc":"","_seopress_robots_index":"","_et_pb_use_builder":"","_et_pb_old_content":"","_et_gb_content_width":"","inline_featured_image":false,"footnotes":""},"categories":[14],"tags":[],"class_list":["post-282814","post","type-post","status-publish","format-standard","hentry","category-vijesti"],"_links":{"self":[{"href":"https:\/\/www.pcnen.com\/portal\/wp-json\/wp\/v2\/posts\/282814","targetHints":{"allow":["GET"]}}],"collection":[{"href":"https:\/\/www.pcnen.com\/portal\/wp-json\/wp\/v2\/posts"}],"about":[{"href":"https:\/\/www.pcnen.com\/portal\/wp-json\/wp\/v2\/types\/post"}],"author":[{"embeddable":true,"href":"https:\/\/www.pcnen.com\/portal\/wp-json\/wp\/v2\/users\/1"}],"replies":[{"embeddable":true,"href":"https:\/\/www.pcnen.com\/portal\/wp-json\/wp\/v2\/comments?post=282814"}],"version-history":[{"count":3,"href":"https:\/\/www.pcnen.com\/portal\/wp-json\/wp\/v2\/posts\/282814\/revisions"}],"predecessor-version":[{"id":282819,"href":"https:\/\/www.pcnen.com\/portal\/wp-json\/wp\/v2\/posts\/282814\/revisions\/282819"}],"wp:attachment":[{"href":"https:\/\/www.pcnen.com\/portal\/wp-json\/wp\/v2\/media?parent=282814"}],"wp:term":[{"taxonomy":"category","embeddable":true,"href":"https:\/\/www.pcnen.com\/portal\/wp-json\/wp\/v2\/categories?post=282814"},{"taxonomy":"post_tag","embeddable":true,"href":"https:\/\/www.pcnen.com\/portal\/wp-json\/wp\/v2\/tags?post=282814"}],"curies":[{"name":"wp","href":"https:\/\/api.w.org\/{rel}","templated":true}]}}