{"id":282473,"date":"2020-01-20T09:03:56","date_gmt":"2020-01-20T08:03:56","guid":{"rendered":"https:\/\/www.pcnen.com\/portal\/?p=282473"},"modified":"2020-01-20T09:06:38","modified_gmt":"2020-01-20T08:06:38","slug":"ekumenizam-iskazivati-jedni-drugima-nesvakidasnje-covjekoljublje","status":"publish","type":"post","link":"https:\/\/www.pcnen.com\/portal\/2020\/01\/20\/ekumenizam-iskazivati-jedni-drugima-nesvakidasnje-covjekoljublje\/","title":{"rendered":"Ekumenizam: Iskazivati jedni drugima nesvakida\u0161nje \u010dovjekoljublje"},"content":{"rendered":"<p><strong>Autor: Drago Pilsel<\/strong><\/p>\n<p>Nalazimo se u Molitvenoj osmini za jedinstvo kr\u0161\u0107ana. Ona se u sjevernoj Zemljinoj hemisferi tradicionalno slavi od 18. do 25. sije\u010dnja. Te je datume jo\u0161 1908. predlo\u017eio o. Paul F. Wattson. Sluga Bo\u017eji o. Paul Wattson (SA) ro\u0111en je 16. sije\u010dnja 1863. u Millingtonu (Maryland u Americi). Za sve\u0107enika episkopalne crkve zare\u0111en je 1886.<\/p>\n<p>Potaknut franjeva\u010dkim idealima, zajedno sa episkopalnom sestrom Luranom White, on 1898. u Graymooru kraj Newyorka utemeljuje Dru\u0161tvo pomirenja (SA \u2013 Society of the Atonement), zasnovano na redovni\u010dkim zavjetima siroma\u0161tva, poslu\u0161nosti i \u010disto\u0107e. Glavna svrha, karizma i poslanje Dru\u0161tva je promicanje kr\u0161\u0107anskog jedinstva. U katoli\u010dkoj je crkvi 22. rujna 2015. pokrenut proces za njegovu beatifikaciju i kanonizaciju, tuma\u010di karmeli\u010danin o. Jure Ze\u010devi\u0107 tajnik Vije\u0107a HBK za ekumenizam i dijalog i prire\u0111iva\u010d materijala za Osminu.<\/p>\n<p>Re\u010deni datumi su odre\u0111eni, poja\u0161njava Ze\u010devi\u0107,\u00a0 kako bi se obuhvatilo razdoblje izme\u0111u blagdana Katedre svetoga Petra (nakon liturgijske reforme u katoli\u010dkoj crkvi slavi se 22. velja\u010de) i blagdana Obra\u0107enja svetoga Pavla. Ta dva datuma stoga imaju i svoja simboli\u010dna zna\u010denja. Prvi datum nazna\u010duje cilj molitve: svo kr\u0161\u0107anstvo u zajedni\u0161tvu s apostolskim prvakom sv. Petrom, a drugi datum ukazuje na na\u010din ili metodu kojom je jedino mogu\u0107e posti\u0107i taj cilj: temeljito obra\u0107enje Kristu, svakog kr\u0161\u0107anina, u svim kr\u0161\u0107anskim zajednicama, obra\u0107enjem kakvo je npr. bilo ono sv. Pavla kod Damaska.<\/p>\n<p>Na ju\u017enoj hemisferi, gdje je sije\u010danj blagdansko vrijeme, crkve \u010desto Molitvenu osminu prakticiraju u koje drugo doba godine, naj\u010de\u0161\u0107e oko blagdana Duhova (kako je to jo\u0161 1926. preporu\u010dio pokret Vjera i ustrojstvo). I blagdan Duhova je tako\u0111er znakovit i bogat simbolikom, budu\u0107i da je Duh Sveti Onaj po kojem se ostvaruje i vr\u0161i svako istinsko i Bogu sukladno jedinstvo. Stoga je predduhovsko i poslijeduhovsko vrijeme tako\u0111er primjereno i za provo\u0111enje Osmine, ali i za ponovne molitve za jedinstvo onih koji su Osminu ve\u0107 slavili u sije\u010danjskom terminu.<\/p>\n<p>Temeljni biblijski tekst ovogodi\u0161nje Osmine je: Dj 27, 18 \u2013 28, 10, a naslov za razmatrane je \u201dIskazivahu nam nesvakida\u0161nje \u010dovjekoljublje\u201d. Naime, biblijski nas tekst poziva na propitkivanje, upozorava o. Ze\u010devi\u0107, kako se mi kr\u0161\u0107ani svi zajedno suo\u010davamo sa izazovima migracije: sura\u0111ujemo li sa hladnim silama ravnodu\u0161nosti ili pak i mi pokazujemo neuobi\u010dajenu ljubaznost te tako postajemo svjedoci i oru\u0111a Bo\u017eje providnosti prema svim ljudima? Gostoljubivost je prijeko potrebna vrlina i u na\u0161em stalnom tra\u017eenju \u0161to ve\u0107eg stupnja kr\u0161\u0107anskog jedinstva.<\/p>\n<p>Takva praksa nas poziva na \u0161to ve\u0107u velikodu\u0161nost prema svima onima kojima je potrebna.<\/p>\n<p>Ja bih sada vama pak ne\u0161to \u017eelio kazati o samoj ideji ekumenskog dijaloga.<\/p>\n<p>Zajedni\u010dko zauzimanje za ekumenizam bitna je potreba vjere koju ispovijedamo, uvjet koji se ra\u0111a iz samoga na\u0161eg identiteta Isusovih u\u010denika. A kao u\u010denici, dok nasljedujemo istoga Gospodina, sve bolje shva\u0107amo da je ekumenizam put, i to put koji je, kako je nakon Drugoga vatikanskog sabora vi\u0161e pap\u0101 stalno isticalo, nepovratan.<\/p>\n<p>U hodu tim putom me\u0111u nama raste jedinstvo, a znak je toga va\u0161e hodo\u010da\u0161\u0107e koje nas poziva da zajedni\u010dki prije\u0111emo put jedinstva kako bismo zajedno susreli Krista, kao O\u010deva voljena djeca, dakle, kao bra\u0107a i sestre.<\/p>\n<p>Uvijek smo pozvani vratiti se na prvotni dar, iz kojega izvire rijeka tradicije, a to je probodeno rebro raspetoga Krista. Tamo nam je On dao cijeloga sebe, predaju\u0107i nam i svoj Duh. Odande izvire na\u0161 \u017eivot vjernik\u0101, tamo je na\u0161a vje\u010dita obnova. Tamo pronalazimo snagu da jedni drugima nosimo terete i kri\u017eeve.<\/p>\n<p>Volim jedno razmatranje koje je o ekumenizmu, kao \u017eelju za pravedno\u0161\u0107u izrekao dubrova\u010dki biskup Mate Uzini\u0107. Na crkvenoj razini, koja nas okuplja u molitvi za jedinstvom Kristove Crkve, to je glad i \u017ee\u0111 za obnovom oko\u0161talih struktura koje nas dijele, kazao je biskup. To je glad i \u017ee\u0111 prosvjetljenja odgovornih Bo\u017ejim svijetlom.<\/p>\n<p>\u201dNemojmo zaboraviti da je svatko od nas na svojoj razini odgovoran. Zato je to glad i \u017ee\u0111 i za prosvjetljenjem svakog pojedina\u010dnog vjernika. Biti gladan i \u017eedan pravednosti zna\u010di odbaciti svaku iluziju o vlastitoj pravednosti, a nepravednosti svih drugih. I iluziju o svojoj vlastitoj nepogre\u0161ivosti, a pogre\u0161kama drugih, o svojoj pravovjernosti, a krivovjerju drugih\u201d, rekao je Uzini\u0107.<\/p>\n<p>Ovo \u0107e biti va\u017ena godina za ekumenizam u Hrvatskoj. Na jesenskom zasjedanju Hrvatske biskupske konferencije (HBK), uprili\u010denom u Zagrebu od 16. do 18. listopada, bilo je rije\u010di o potrebi da se o\u017eivi ekumenski dijalog i suradnja. Po\u017ee\u0161ki biskup Antun \u0160kvor\u010devi\u0107, predsjednik Vije\u0107a HBK za ekumenizam i dijalog, iznio je kolegama nacrt dokumenta o ekumenizmu koji bi valjalo pripremiti i usvojiti.<\/p>\n<p>Biskup \u0160kvor\u010devi\u0107 je istaknuo da je ekumenizam pitanje vjere \u2013 zna\u010di ne politike, ne nacije, ne bilo koje svrhe \u2013 nego pitanje kr\u0161\u0107anske vjere.<\/p>\n<p>Dokument je u izradi i trebao bi biti izglasan na idu\u0107em, proljetnom zasjedanju HBK. Biskup \u0160kvor\u010devi\u0107 priznaje da postoji \u201dodre\u0111eni ekumenski zamor\u201d, ali ovisno o tome na kojoj razini. \u201dOni koji vjerni\u010dki pristupaju tom pitanju nisu se umorili, nego o\u010dekuju od nas biskupa da im ka\u017eemo jasnu rije\u010d i to \u017eelimo ovim dokumentom\u201d, kazao je \u0160kvor\u010devi\u0107.<\/p>\n<p>Valja podsjetiti i na susret katoli\u010dkih biskupa i pravoslavnih vladika u Po\u017eegi 17. sije\u010dnja 2019. godine (o kojem smo izvijestili na Autografu) bio je, \u0161to se uloge samog biskupa \u0160kvor\u010devi\u0107a na \u010delu navedenog tijela HBK ti\u010de, poticaj da se s rije\u010di prije\u0111e na djela.<\/p>\n<p>Tu je, podsje\u0107amo, re\u010deno \u201dkako ni jedna strategija, usmjerena protiv drugog \u010dovjeka, naroda ili Crkve ne mo\u017ee biti uspje\u0161na, jer nije u skladu s Bo\u017ejim naumom o \u010dovjeku i njegovom pobjedom nad zlom i smr\u0107u, ostvarenoj u Isusovoj ljubavi na kri\u017eu\u201d te da \u201dpolazi\u0161te na\u0161eg pastirskog djelovanja (u hrvatskom dru\u0161tvu) jest \u010dvrsto uvjerenje da nas je Bog \u2018pomirio po Kristu i povjerio nam slu\u017ebu pomirenja\u2019 (2 Kor 5,18)\u201d.<\/p>\n<p>Bila bi prava \u0161teta da hijerarhija Srpske pravoslavne crkve, ukoliko najavljeni dokument o ekumenizmu HBK pru\u017ei odgovore na otvorena pitanja, ne odgovori na poticaj za dijalog unato\u010d njenoj potrebi da sine ira et studio uzvrati na ne ba\u0161 ljubazno pismo HBK patrijarhu Irineju od 18. studenoga 2018.<\/p>\n<p>Katolici i pravoslavni, potaknuti lijepim primjerima koji dolaze iz protestantskih zajednica moraju ostati posve\u0107eni dijalogu. Urgenttno je da jedni, drugi i tre\u0107i ka\u017eu i u\u010dine svojima rije\u010dim iz biblijskog teksta za Osminu. Ponovimo ga jer je to klju\u010dna stvar: \u201dIskazivahu nam nesvakida\u0161nje \u010dovjekoljublje\u201d! Amen. Amen.<\/p>\n<p><a href=\"https:\/\/www.autograf.hr\/ekumenizam-iskazivati-jedni-drugima-nesvakidasnje-covjekoljublje\/\">Autograf<\/a><\/p>\n","protected":false},"excerpt":{"rendered":"<p>Zajedni\u010dko zauzimanje za ekumenizam bitna je potreba vjere koju ispovijedamo, uvjet koji se ra\u0111a iz samoga na\u0161eg identiteta Isusovih u\u010denika.<\/p>\n","protected":false},"author":1,"featured_media":282474,"comment_status":"open","ping_status":"closed","sticky":false,"template":"","format":"standard","meta":{"_seopress_robots_primary_cat":"","_seopress_titles_title":"","_seopress_titles_desc":"","_seopress_robots_index":"","_et_pb_use_builder":"","_et_pb_old_content":"","_et_gb_content_width":"","inline_featured_image":false,"footnotes":""},"categories":[5,14],"tags":[],"class_list":["post-282473","post","type-post","status-publish","format-standard","has-post-thumbnail","hentry","category-drugi-pisu","category-vijesti"],"_links":{"self":[{"href":"https:\/\/www.pcnen.com\/portal\/wp-json\/wp\/v2\/posts\/282473","targetHints":{"allow":["GET"]}}],"collection":[{"href":"https:\/\/www.pcnen.com\/portal\/wp-json\/wp\/v2\/posts"}],"about":[{"href":"https:\/\/www.pcnen.com\/portal\/wp-json\/wp\/v2\/types\/post"}],"author":[{"embeddable":true,"href":"https:\/\/www.pcnen.com\/portal\/wp-json\/wp\/v2\/users\/1"}],"replies":[{"embeddable":true,"href":"https:\/\/www.pcnen.com\/portal\/wp-json\/wp\/v2\/comments?post=282473"}],"version-history":[{"count":1,"href":"https:\/\/www.pcnen.com\/portal\/wp-json\/wp\/v2\/posts\/282473\/revisions"}],"predecessor-version":[{"id":282475,"href":"https:\/\/www.pcnen.com\/portal\/wp-json\/wp\/v2\/posts\/282473\/revisions\/282475"}],"wp:featuredmedia":[{"embeddable":true,"href":"https:\/\/www.pcnen.com\/portal\/wp-json\/wp\/v2\/media\/282474"}],"wp:attachment":[{"href":"https:\/\/www.pcnen.com\/portal\/wp-json\/wp\/v2\/media?parent=282473"}],"wp:term":[{"taxonomy":"category","embeddable":true,"href":"https:\/\/www.pcnen.com\/portal\/wp-json\/wp\/v2\/categories?post=282473"},{"taxonomy":"post_tag","embeddable":true,"href":"https:\/\/www.pcnen.com\/portal\/wp-json\/wp\/v2\/tags?post=282473"}],"curies":[{"name":"wp","href":"https:\/\/api.w.org\/{rel}","templated":true}]}}