{"id":282000,"date":"2020-01-13T06:20:45","date_gmt":"2020-01-13T05:20:45","guid":{"rendered":"https:\/\/www.pcnen.com\/portal\/?p=282000"},"modified":"2020-01-12T23:26:58","modified_gmt":"2020-01-12T22:26:58","slug":"crnogorska-taksa-za-paljenje-svece","status":"publish","type":"post","link":"https:\/\/www.pcnen.com\/portal\/2020\/01\/13\/crnogorska-taksa-za-paljenje-svece\/","title":{"rendered":"Crnogorska taksa za paljenje sve\u0107e"},"content":{"rendered":"<p><strong>Pi\u0161e: Stevan Zivlak<\/strong><\/p>\n<p>U svom tekstu prof. Flere ispravno uo\u010dava da Venecijanska komisija nije imala primedbi na konfiskaciju imovine crkava i verskih zajednica u Crnoj Gori i da je Ve\u0107e Evrope podr\u017eavaju\u0107i re\u0161enja iz crnogorskog zakona o veroispovesti ustanovilo nove principe kolonijalnog religioznog prava na tlu porobljenih balkanskih prostora.<\/p>\n<p>Pre svega Ve\u0107e Evrope je usvojilo princip da se glasanjem prekraja istorija pojedinih balkanskih naroda.<\/p>\n<p>Prihva\u0107ena je verzija istorije Crne Gore koja je izneta u neformalnom razgovoru sa neimenovanim predstavnicima crnogorskih vlasti, koja se svodi na \u010dinjenicu da je Kraljevina Crna Gora postojala do 1920. godine i da je bila dr\u017eavni vlasnik crkvene imovine.<\/p>\n<p>Istorijske \u010dinjenice i dokumenta Versajskih mirovnih ugovora govore potpuno druga\u010dije. Kraljevina Crna Gora je bezuslovno kapitulirala 1916. godine, austrougarska vojska ju je okupirala i uvela vojni pravni re\u017eim, s tim da je na toj teritoriji od 1916. godine va\u017eilo austrougarsko religijsko pravo kao i u primorskim op\u0161tinama (Boka Kotorska, Herceg Novi, Tivat, Pa\u0161trovi\u0107i itd.) koje nikada nisu bili u sastavu Kraljevine Crne Gore.<\/p>\n<p>Austrougarska je na svojoj teritoriji priznavala Karlova\u010dku patrijar\u0161iju kao jedinu naslednicu Pe\u0107ke patrijar\u0161ije u hri\u0161\u0107anskoj Evropi i njene kanone po kojima je po izdatoj Gramati Arsenija \u010carnojevi\u0107a, koja je izdata po volji cara Leopolda crnogorskim vladikama 1700. godine, data svetovna i duhovna vlast na ta\u010dno nabrojanim teritorijama i plemenima crnogorskim.<\/p>\n<p>Postupaju\u0107i po tim privilegijalnim pravima, kao jedini predstavnik \u2013 poglavar naroda na toj osvojenoj teritoriji, austrougarske vlasti su priznavale svetovnu i duhovnu vlast Mitropolita Mitrofana Bana, koji je kao takav priznavan i od me\u0111unarodnog Crvenog krsta, sila saveznica i drugih me\u0111unarodnih subjekata.<\/p>\n<p>On je taj polo\u017eaj ve\u0161to koristio i organizovao je dobijanje humanitarne i svake druge pomo\u0107i i omogu\u0107io crnogorskom narodu da pre\u017eivi i opstane u te\u0161kim uslovima okupacije.<\/p>\n<p>U Austrougarskoj monarhiji, crkvena imovina je bila privatna i privilegovana, kao uostalom i u Kraljevini Crnoj Gori, o \u010demu je Mitropolitski pravni savet prikupio na stotine dokumenata iz tog vremena.<\/p>\n<p>Vojvoda \u017divojin Mi\u0161i\u0107 je osvojio 1918. godine te teritorije koje su bile u administrativnom sastavu Austrougarske i pripojio ih kao provinciju u sastav Kraljevine Srbije.<\/p>\n<p>Kraljevina Srbija je sedela za stolom u Versaju me\u0111u silama pobednicama, sa crnogorskom provincijom u svom sastavu, a Kraljevina Crna Gora je pravno nestala i nije obnovljena Versajskim me\u0111unarodnim pravnim sistemom.<\/p>\n<p>Pri tome, Kraljevina Srbija je priznavala crkvenu postoje\u0107u upravu koja je postojala u Austrougarskoj a po kojoj je mitropolit Mitrofan Ban bio pod duhovnom jurisdikcijom karlova\u010dkog patrijarha, a naziv mitropolije je bio: Pravoslavna srpska crkva Mitropolija crnogorsko-primorska.<\/p>\n<p>Ve\u0107e Evrope je podr\u017eavaju\u0107i ovakve pravne vratolomije crnogorskih vlasti i podsti\u010du\u0107i ih, krenula u ru\u0161enje Versajskog mirovnog poretka stvaraju\u0107i pravnu podlogu za prekrajanja evropskih granica.<\/p>\n<p>Ukoliko Srbija ne povu\u010de priznanje takve Crne Gore, koja se odri\u010de odluka AVNOJ-a, ona \u0107e izgubiti i tri okruga koja je osvojila od Bugarske, o Vojvodini i Kosovu i Metohiji da ne govorimo.<\/p>\n<p>O ovim pitanjima Republika Srbija mora otvoriti razgovore sa Sjedinjenim Dr\u017eavama koje su bile pokrovitelj Versajskih mirovnih sporazuma i sa zemljama pobednicama, pre svega Velikom Britanijom, Italijom i Francuskom.<\/p>\n<p>Posebno za ovo pitanje mora da se informi\u0161e ameri\u010dka administracija, po\u0161to je na tlu Sjedinjenih Dr\u017eava vi\u0161e lojalnih ameri\u010dkih gra\u0111ana vernika SPC nego \u0161to Crna Gora ima stanovnika, a pravoslavnih vernika crnogorskog porekla vi\u0161e od pripadnika novokomponovane izmi\u0161ljene crnogorske nacije.<\/p>\n<p>Drugi izuzetno podmukao i ne\u010dastan potez Venecijanske komisije je uvo\u0111enje termina \u201everske usluge\u201c u terminologiju zakona.<\/p>\n<p>Taj termin pretpostavlja da \u0107e vernik, bilo koje konfesije pla\u0107ati ulaz na groblje na kojem su sahranjeni njegovi preci, da \u0107e morati da plati porez, taksu i akcizu ako zapali sve\u0107u ili odr\u017ei zajedno sa svojim verskim dostojanstvenikom verski obred, da \u0107e episkop ili biskup za liturgiju pla\u0107ati taksu ako je obavlja u dr\u017eavnoj crkvi a vernici ulaznice itd.<\/p>\n<p>Adventisti\u010dki hri\u0161\u0107ani \u0107e osim desetka pla\u0107ati i odgovaraju\u0107e poreze na verske usluge itd. Ovo je ne\u010duven, anticivilizacijski i krajnje neprihvatljiv akt, po\u0161to se oporezuje svetotajinski odnos u hri\u0161\u0107anskim denominacijama.<\/p>\n<p>Ovo je posebno neprihvatljivo \u0161to ti porezi na verske usluge mogu biti razli\u010diti, pa na primer satanisti sledbenici Alistera Kroulija mogu biti oslobo\u0111eni pla\u0107anja poreza, dok bi se vernici Islamske zajednice mogli opteretiti ne samo porezom na verske usluge, ve\u0107 i posebnim taksama i akcizom.<\/p>\n<p>Definisanje verskih zajednica na na\u010din kako je to predlo\u017eila Venecijanska komisija i usvojilo Ve\u0107e Evrope je ne\u010duven.<\/p>\n<p>Hri\u0161\u0107ani su izjedna\u010deni sa agnosticima, neveruju\u0107ima, dalekoisto\u010dnim misti\u010dnim sektama, sekularistima, obo\u017eavaocima raznih kultova itd. To je direktan napad na hri\u0161\u0107anstvo i Islam i o tome treba dobro obavestiti narod Crne Gore.<\/p>\n<p>Prvi put posle Drugog svetskog rata je predvi\u0111eno obavezno registrovanje Jevreja, pravoslavnih hri\u0161\u0107ana, islamskih vernika, rimokatolika itd, navodno po odredbama evropskih propisa o za\u0161titi podataka o li\u010dnosti.<\/p>\n<p>Jevreji ne\u0107e morati nositi \u017eutu traku, ali \u0107e imati poseban elektronski broj u dr\u017eavnim evidencijama, po odredbama ovog zakonskog teksta.<\/p>\n<p>Autor je pravnik, stru\u010dnjak za religijska pitanja<\/p>\n<p><a href=\"https:\/\/www.danas.rs\/dijalog\/reakcije\/crnogorska-taksa-za-paljenje-svece\/\">Danas<\/a><\/p>\n<p><a href=\"https:\/\/www.pcnen.com\/portal\/2020\/01\/04\/crnogorskoj-crkvi-autonomija-unutar-spc\/\">Crnogorskoj crkvi autonomija unutar SPC<\/a><\/p>\n","protected":false},"excerpt":{"rendered":"<p>Odgovor na tekst profesora Mariborskog univerziteta Sergeja Flerea &#8220;Crnogorskoj crkvi autonomija unutar SPC&#8221;<\/p>\n","protected":false},"author":1,"featured_media":282001,"comment_status":"open","ping_status":"closed","sticky":false,"template":"","format":"standard","meta":{"_seopress_robots_primary_cat":"","_seopress_titles_title":"","_seopress_titles_desc":"","_seopress_robots_index":"","_et_pb_use_builder":"","_et_pb_old_content":"","_et_gb_content_width":"","inline_featured_image":false,"footnotes":""},"categories":[5],"tags":[],"class_list":["post-282000","post","type-post","status-publish","format-standard","has-post-thumbnail","hentry","category-drugi-pisu"],"_links":{"self":[{"href":"https:\/\/www.pcnen.com\/portal\/wp-json\/wp\/v2\/posts\/282000","targetHints":{"allow":["GET"]}}],"collection":[{"href":"https:\/\/www.pcnen.com\/portal\/wp-json\/wp\/v2\/posts"}],"about":[{"href":"https:\/\/www.pcnen.com\/portal\/wp-json\/wp\/v2\/types\/post"}],"author":[{"embeddable":true,"href":"https:\/\/www.pcnen.com\/portal\/wp-json\/wp\/v2\/users\/1"}],"replies":[{"embeddable":true,"href":"https:\/\/www.pcnen.com\/portal\/wp-json\/wp\/v2\/comments?post=282000"}],"version-history":[{"count":1,"href":"https:\/\/www.pcnen.com\/portal\/wp-json\/wp\/v2\/posts\/282000\/revisions"}],"predecessor-version":[{"id":282002,"href":"https:\/\/www.pcnen.com\/portal\/wp-json\/wp\/v2\/posts\/282000\/revisions\/282002"}],"wp:featuredmedia":[{"embeddable":true,"href":"https:\/\/www.pcnen.com\/portal\/wp-json\/wp\/v2\/media\/282001"}],"wp:attachment":[{"href":"https:\/\/www.pcnen.com\/portal\/wp-json\/wp\/v2\/media?parent=282000"}],"wp:term":[{"taxonomy":"category","embeddable":true,"href":"https:\/\/www.pcnen.com\/portal\/wp-json\/wp\/v2\/categories?post=282000"},{"taxonomy":"post_tag","embeddable":true,"href":"https:\/\/www.pcnen.com\/portal\/wp-json\/wp\/v2\/tags?post=282000"}],"curies":[{"name":"wp","href":"https:\/\/api.w.org\/{rel}","templated":true}]}}