{"id":281652,"date":"2020-01-07T12:01:35","date_gmt":"2020-01-07T11:01:35","guid":{"rendered":"https:\/\/www.pcnen.com\/portal\/?p=281652"},"modified":"2020-01-07T12:01:35","modified_gmt":"2020-01-07T11:01:35","slug":"uznemiravanje-javnosti-2","status":"publish","type":"post","link":"https:\/\/www.pcnen.com\/portal\/2020\/01\/07\/uznemiravanje-javnosti-2\/","title":{"rendered":"Uznemiravanje javnosti"},"content":{"rendered":"<p>Glavna i odgovorna urednica portala FOS Media je prije par dana ekspresno pritvorena pod optu\u017ebom da je izvr\u0161ila krivi\u010dno dijelo \u201eizazivanje panike i nereda\u201c. Ona je, u veoma napetoj situaciji, objavila vijest da su pripadnici kosovske policije ROSU na raspolaganju Crnoj Gori za Badnji dan, \u0161to je doista uznemirilo javnost. Pro\u010ditav\u0161i tu vijest, a prije njenog hap\u0161enja, na fejsbuku sam objavio svoj stav o tome. On\u00a0 u najkra\u0107em glasi da se tako zapaljive vijesti ne smiju objavljivati ako nijesu dobijene iz veoma kredibilnog izvora, a ako je izvor kredibilan, onda se ne daje demanti &#8211; kako je to uradio portal FOS Media. Novinarska udru\u017eenje i kolege su tako\u0111e iznijeli svoj stav o tome, stale u odbranu An\u0111ele \u0110ikanovi\u0107.<\/p>\n<p>Namjera ovog teksta je da se tim problemom pozabavim iz drugog ugla, onoga kojim se javnost, novinari i njihova udru\u017eenja, nijesu bavili.<\/p>\n<p>Novinari ve\u0107 godinama tra\u017ee da dobiju status slu\u017ebenih lica, posebno za\u0161ti\u0107enih zbog delikatnosti posla kojim se bave. Mi\u0161ljenja sam da bi takav status trebalo da dobiju. Me\u0111utim, smatram da bi ba\u0161 zbog te svoje pove\u0107ane odgovornosti, pored poja\u010dane fizi\u010dke i pravne za\u0161tite od nasrtaja interesnih grupa i kriminalaca, morali da imaju i mnogo ve\u0107i stepen odgovornosti za javnu rije\u010d i informacije koje objavljuju. To jeste, da kada objave neistinitu vijest, koja vidno uznemiri javnost, vijesti sa elementima vjerske i nacionalne mr\u017enje, ratnohu\u0161ka\u010dke pozive, o\u010digledno neistinite i spinovane vijesti, morali bi da snose sankcije za njih. Ne samo prekr\u0161ajne, ve\u0107 u krajnjim situacijama i krivi\u010dne.<\/p>\n<p>Svjestan sam da bi to mogao biti jo\u0161 jedan vid pritiska na novinare, koji bi ih tjerao na pretjerani oprez i autocenzuru, da bi centri mo\u0107i mogli zloupotrijebiti takva zakonska rje\u0161enja, ali haosu i neodgovornosti u novinarstvu se mora stati na kraj. U suprotnom, ono \u0107e biti sve gore i gore, posta\u0107e javna pljuvaonica &#8211; kao \u0161to i dobrim djelom jeste, isukan ma\u010d bez ikakve kontrole. Ma\u010d koji mo\u017ee sasje\u0107i pojedince i grupe ljudi bolje od bilo \u010dega drugog.<\/p>\n<p>U neure\u0111enim dr\u017eavama poput na\u0161e, gdje vlada selektivna pravda tj. neprvda, veoma je te\u0161ko urediti bilo koju oblast, pa i oblast novinarstva. Da nije tako, li\u010dno bih, uprkos stavu novinara i novinarskih udru\u017eenja, pozdravio potez tu\u017eila\u0161tva koji je pritvorilo glavnu i odgovornu urednicu FOS Media zbog objavljivanja la\u017ene vijesti koja je vidno uzbunila javnost. Me\u0111utim, njen prekr\u0161aj je jedan u moru prekr\u0161aja sli\u010dne vrste koji se svakodnevno de\u0161avaju u crnogorskom novinarstvu, a koji prolaze bez sankcija.<\/p>\n<p>Godinama su Informer i Pink televizija u Crnoj Gori, o\u010digledno svjesno i sa namjerom, \u0161irile najbrutalnije la\u017ei, targetirali pojedince, dru\u0161tvene grupe i pojedine politi\u010dke partije, izazivaju\u0107i uznimerenje i kontaminaciju javnosti, ali sankcija, osim par benignih, forme radi, nije bilo. To i danas svakodnevno rade neki mediji i portali, a sankcija nema.<\/p>\n<p>Javni servis &#8211; da ga imamo, trebao bi biti najve\u0107a brana uzbunjuju\u0107im vijestima i reper privatnim medijima u objektivnom i profesionalnom novinarstvu. Njegova uloga servisa gra\u0111ana koji ga pla\u0107aju i koji objektivno i uravnote\u017eeno informi\u0161e javnost, u koji imaju daleko najvi\u0161e povjerenja, bila bi ve\u0107a prepreka \u0161irenju la\u017enih i uzbunjuju\u0107ih vjesti od bilo kakvih zakonskih sankcija.<\/p>\n<p>Me\u0111utim, tzv.Javni servis je decenijama bastion upravo la\u017enih i friziranih vijesti i izvje\u0161tavanja. Gra\u0111ani mu ne vjeruju, ne bar u dovoljnoj mjeri, pa shodno tome, po istra\u017eivanja javnog mnjenja, gra\u0111ani imaju vi\u0161e povjerenja u neke privatne medije nego u \u201esvoj\u201c Javni servis, \u0161to je apsurd i svojevrsna bruka.<\/p>\n<p>Friziranim, jednostranim i neobjektivnim informisanjem, Javni servis konstantno uzbunjuje javnost, ali selektivnoj pravdi ne pada na pamet da pokrene postupak protiv ure\u0111iva\u010dkog tima, makar pod onom stavkom \u201enesavjestan rad u slu\u017ebi\u201c, ako ne zbog \u0161irenja la\u017enih vjesti i uzbunjivanja javnosti. Jer, ako pri najve\u0107im gra\u0111anskim protestima u Crnoj Gori poznatih pod sloganom \u201eOdupri se\u201c, tzv. Javni servis uporno mimimizuje broj u\u010desnika, isklju\u010divo negativno komentari\u0161e mirne proteste protiv korupciona\u0161kih afera u koje je upleten sam vrh vlasti, dovodi u studiju sumnjive analiti\u010dare iz regiona koji pokroviteljstvo nad protestima, bez ikakvih dokaza pripisuju stranim dr\u017eavama i obavje\u0161tajnim slu\u017ebama, \u0161to je to nego uznemirivanje i uzbunjivanje javnosti?<\/p>\n<p>Ako Javni servis pri trenutnim protestima vjernika protiv zakona o vjerskim zajednicama, koji su najmasovniji ikada odr\u017eani u Crnoj Gori, ponavlja istu matricu: minimizuje broj u\u010desnika, prenosi kratke, neobjektivne informacije o samim protestima sa neadekvatnim snimcima, a neuporedivo ve\u0107i dio informativnog programa posveti negatinvnim komentarima i rekacijama na njih, onda to nije ni\u0161ta drugo nego uzbunjivanje javnosti i stvaranje dodatnog revolta kod nje. I, \u0161to je pogubno, takvim inoformisanjem Javni servis\u00a0 daje jo\u0161 ve\u0107i \u00a0prostor privatnim medijima da oni budu glavni izvor informisanja gra\u0111ana, dalje uru\u0161avaju\u0107i svoj ionako nizak kredibiltet.<\/p>\n<p>Ali, u dr\u017eavi u kojoj Glavni specijalni tu\u017eilac na po\u010detku gra\u0111anskih protesta \u201eOdupri se\u201c javno ustvrdi da je jedan od organizatora protesta \u201e\u010dlan organizovane kriminalne grupe kome je majka visoki funklcioner opozicione partije\u201c, krivi\u010dno ne ogovara za tako te\u0161ku la\u017e kojiom je uzbunio javnost, te\u0161ko kleve\u0107u\u0107i momka bez ijedne mrlje u biografiji, nanose\u0107i strah i bol ina\u010de te\u0161ko bolesnoj mu majci i, uprkos svemu ostane na mjestu Glavog specijalnog tu\u017eioca, onda nam je sve tako kako nam je: i u novinarstvu, i u dr\u017eavi.<\/p>\n","protected":false},"excerpt":{"rendered":"<p>Pi\u0161e: Omer \u0160ARKI\u0106<\/p>\n","protected":false},"author":12,"featured_media":0,"comment_status":"open","ping_status":"closed","sticky":false,"template":"","format":"standard","meta":{"_seopress_robots_primary_cat":"","_seopress_titles_title":"","_seopress_titles_desc":"","_seopress_robots_index":"","_et_pb_use_builder":"","_et_pb_old_content":"","_et_gb_content_width":"","inline_featured_image":false,"footnotes":""},"categories":[17],"tags":[],"class_list":["post-281652","post","type-post","status-publish","format-standard","hentry","category-blogovi"],"_links":{"self":[{"href":"https:\/\/www.pcnen.com\/portal\/wp-json\/wp\/v2\/posts\/281652","targetHints":{"allow":["GET"]}}],"collection":[{"href":"https:\/\/www.pcnen.com\/portal\/wp-json\/wp\/v2\/posts"}],"about":[{"href":"https:\/\/www.pcnen.com\/portal\/wp-json\/wp\/v2\/types\/post"}],"author":[{"embeddable":true,"href":"https:\/\/www.pcnen.com\/portal\/wp-json\/wp\/v2\/users\/12"}],"replies":[{"embeddable":true,"href":"https:\/\/www.pcnen.com\/portal\/wp-json\/wp\/v2\/comments?post=281652"}],"version-history":[{"count":3,"href":"https:\/\/www.pcnen.com\/portal\/wp-json\/wp\/v2\/posts\/281652\/revisions"}],"predecessor-version":[{"id":281656,"href":"https:\/\/www.pcnen.com\/portal\/wp-json\/wp\/v2\/posts\/281652\/revisions\/281656"}],"wp:attachment":[{"href":"https:\/\/www.pcnen.com\/portal\/wp-json\/wp\/v2\/media?parent=281652"}],"wp:term":[{"taxonomy":"category","embeddable":true,"href":"https:\/\/www.pcnen.com\/portal\/wp-json\/wp\/v2\/categories?post=281652"},{"taxonomy":"post_tag","embeddable":true,"href":"https:\/\/www.pcnen.com\/portal\/wp-json\/wp\/v2\/tags?post=281652"}],"curies":[{"name":"wp","href":"https:\/\/api.w.org\/{rel}","templated":true}]}}