{"id":281383,"date":"2020-01-03T20:40:36","date_gmt":"2020-01-03T19:40:36","guid":{"rendered":"https:\/\/www.pcnen.com\/portal\/?p=281383"},"modified":"2020-01-03T21:13:48","modified_gmt":"2020-01-03T20:13:48","slug":"vjernici-na-nogama-sestu-noc-zaredom","status":"publish","type":"post","link":"https:\/\/www.pcnen.com\/portal\/2020\/01\/03\/vjernici-na-nogama-sestu-noc-zaredom\/","title":{"rendered":"Vjernici na nogama \u0161estu no\u0107 zaredom"},"content":{"rendered":"<p>U crnogorskim gradovima od sjevera do juga i ve\u010deras su u pravoslavnim hramovima odr\u017eane molebni, a nakon toga molitveno hodanje ulicama znak protesta protiv <a href=\"https:\/\/www.pcnen.com\/portal\/2019\/12\/27\/usvojen-zakon-o-slobodi-vjeroispovijesti\/\">usvajanja kontroverznog zakona o slobodi vjeroispovijesti<\/a>.<\/p>\n<p>Molitvene \u0161etnje odr\u017eane su u Beranama, Pljevljima, Bijelom Polju, Nik\u0161i\u0107u, Plu\u017einama, \u017dabljaku, Herceg Novom, Baru\u2026<\/p>\n<p>Na skupu u porti manastira \u0110ur\u0111evi stupovi, kod Berana, vi\u0111en je transparent na kome je bila ispisana poruka predsjedniku Srbije, koji je najavio mogu\u0107i dolazak\u00a0 za badnje ve\u010de na sjever Crne Gore.<\/p>\n<p>&#8220;Vu\u010di\u0107u poslu\u0161aj oca Gojka&#8221;, pisalo je na transparentu.<\/p>\n<p>Otac Gojko Perovi\u0107 je rektor cetinjske Bogoslovije, a Vu\u010di\u0107u je poru\u010dio, u intervjuu za dnevnik Dan: &#8220;Vu\u010di\u0107 neka do\u0111e kao dr\u017eavnik u posjetu dr\u017eavi. Ozbiljno, vi\u0161ednevno, planski i najavljeno. Vjerski praznici nijesu prilika za to. Pogotovo ne u situaciji kada se borimo za prava Crkve, a ne bilo koje nacije ili etni\u010dke grupe&#8221;.<\/p>\n<p><em>Foto: Mitropolija.com<\/em><\/p>\n","protected":false},"excerpt":{"rendered":"<p>Molitveni hod ulicama Podgorice ve\u010deras je predvodio mitropolit crnogorsko-primorski Amfilohije.<\/p>\n","protected":false},"author":1,"featured_media":281385,"comment_status":"open","ping_status":"closed","sticky":false,"template":"","format":"standard","meta":{"_seopress_robots_primary_cat":"","_seopress_titles_title":"","_seopress_titles_desc":"","_seopress_robots_index":"","_et_pb_use_builder":"","_et_pb_old_content":"","_et_gb_content_width":"","inline_featured_image":false,"footnotes":""},"categories":[14],"tags":[],"class_list":["post-281383","post","type-post","status-publish","format-standard","has-post-thumbnail","hentry","category-vijesti"],"_links":{"self":[{"href":"https:\/\/www.pcnen.com\/portal\/wp-json\/wp\/v2\/posts\/281383","targetHints":{"allow":["GET"]}}],"collection":[{"href":"https:\/\/www.pcnen.com\/portal\/wp-json\/wp\/v2\/posts"}],"about":[{"href":"https:\/\/www.pcnen.com\/portal\/wp-json\/wp\/v2\/types\/post"}],"author":[{"embeddable":true,"href":"https:\/\/www.pcnen.com\/portal\/wp-json\/wp\/v2\/users\/1"}],"replies":[{"embeddable":true,"href":"https:\/\/www.pcnen.com\/portal\/wp-json\/wp\/v2\/comments?post=281383"}],"version-history":[{"count":2,"href":"https:\/\/www.pcnen.com\/portal\/wp-json\/wp\/v2\/posts\/281383\/revisions"}],"predecessor-version":[{"id":281395,"href":"https:\/\/www.pcnen.com\/portal\/wp-json\/wp\/v2\/posts\/281383\/revisions\/281395"}],"wp:featuredmedia":[{"embeddable":true,"href":"https:\/\/www.pcnen.com\/portal\/wp-json\/wp\/v2\/media\/281385"}],"wp:attachment":[{"href":"https:\/\/www.pcnen.com\/portal\/wp-json\/wp\/v2\/media?parent=281383"}],"wp:term":[{"taxonomy":"category","embeddable":true,"href":"https:\/\/www.pcnen.com\/portal\/wp-json\/wp\/v2\/categories?post=281383"},{"taxonomy":"post_tag","embeddable":true,"href":"https:\/\/www.pcnen.com\/portal\/wp-json\/wp\/v2\/tags?post=281383"}],"curies":[{"name":"wp","href":"https:\/\/api.w.org\/{rel}","templated":true}]}}