{"id":281069,"date":"2019-12-30T16:50:30","date_gmt":"2019-12-30T15:50:30","guid":{"rendered":"https:\/\/www.pcnen.com\/portal\/?p=281069"},"modified":"2019-12-30T17:12:58","modified_gmt":"2019-12-30T16:12:58","slug":"apel-intelektualaca-medunarodna-zajednica-da-osudi-srbiju-zbog-ugrozavanja-mira-u-crnoj-gori","status":"publish","type":"post","link":"https:\/\/www.pcnen.com\/portal\/2019\/12\/30\/apel-intelektualaca-medunarodna-zajednica-da-osudi-srbiju-zbog-ugrozavanja-mira-u-crnoj-gori\/","title":{"rendered":"Apel intelektualaca: Me\u0111unarodna zajednica da osudi Srbiju zbog ugro\u017eavanja mira u CG"},"content":{"rendered":"<p>Vi\u0161e od 80 intelektualaca s prostora biv\u0161e Jugoslavije danas se apelom obratilo me\u0111unarodnoj javnosti od koje tra\u017ei da osudi &#8220;politi\u010dku, crkvenu i medijsku kampanju&#8221; iz Beograda kojom se &#8220;ugro\u017eavaju mir i stalbilnost&#8221; u Crnoj Gori i regionu.<\/p>\n<p>U apelu koji potpisuje 86 intelektualaca, a povodom de\u0161avanja izazvanih usvajanjem Zakona o slobodi veroispovesti u Crnoj Gori, ocjenjuje se &#8220;nedopustivom pasivnost evropskih institucija i vlada demokratskih zemalja u osudi novog poku\u0161aja destabilizacije Crne Gore na principima politike Slobodana Milo\u0161evi\u0107a&#8221;.<\/p>\n<p>&#8220;Politi\u010dkom, crkvenom i medijskom kampanjom dezinformacija iz Beograda, koja se sprovodi i u Podgorici i Banjaluci, ozbiljno je ugro\u017een mir ne samo u Crnoj Gori, ve\u0107 i u cijelom regionu. Dr\u017eava Crna Gora izlo\u017eena je poku\u0161aju nasilne destabilizacije: ugro\u017eeni su joj mir, teritorijalni integritet, ustavni poredak, vladavina zakona, jednakost gra\u0111\u0111ana i ravnopravnost crkava i verskih zajednica&#8221;, navodi se u pismu, <a href=\"https:\/\/www.slobodnaevropa.org\/a\/30352579.html\">prenosi RSE.<\/a><\/p>\n<p>Univerzitetski profesori, knji\u017eevnici, nekada\u0161nji visoki zvani\u010dnici i politi\u010dari, novinari, istori\u010dari, umjetnici s prostora biv\u0161e Jugoslavije smatraju da zvani\u010dni Beograd &#8220;u jo\u0161 jednom u nizu poku\u0161aja poku\u0161ava da vrati Crnu Goru u dr\u017eavni okvir sa Srbijom i da na taj na\u010din sprije\u010di njena konsolidacija kao samostalne i suverene dr\u017eave&#8221;.<\/p>\n<p>&#8220;Usvajanjem Zakona o vjerskim zajednicama, pripremljenim u saradnji sa Venecijanskom komisijom i usagla\u0161enim sa najvi\u0161im evropskim standardima u toj oblasti, Crna Gora menja zakon donesen pre pola veka. Istovremeno, ovim se poni\u0161tava Dekret regenta Aleksandra Kara\u0111r\u0111evi\u0107a iz 1920. godine, kojim je ukinuta autokefalna Crnogorska pravoslavna crkva, i u potpunosti zaokru\u017euje dr\u017eavno-pravni okvir Crne Gore. Otuda napadi velikosrpskih nacionalista na Zakon o verskim zajednicama, koji je i povod za novi poku\u0161aj dr\u017eavnog udara&#8221;, naveli su potpisnici apela.<\/p>\n<p>Oni navode da je &#8220;strateg, pokrovitelj, logisti\u010dar i naredbodavac poslednjeg poku\u0161aja destabilizacije Crne Gore je zvani\u010dni Beograd, odnosno vlasti Srbije, Srpska pravoslavna crkva i najve\u0107e opozicione stranke&#8221; i dodaju da &#8220;i ovoga puta srpske elite konsensualno od vlasti u Srbiji zahtijevaju radikalnu reakciju&#8221;.<\/p>\n<p>&#8220;Upozoravamo da su mehanizmi destabilizacije Crne Gore jednaki onima osmi\u0161ljenim devedesetih godina pro\u0161log vijeka. I njihov cilj je isti: zadr\u017eavanje Crne Gore pod beogradskim velikodr\u017eavnim patronatom najsigurniji je na\u010din o\u010duvanja ideje velike Srbije. &#8216;Spomenici&#8217; takve politike zvani\u010dnog Beograda su genocid, etni\u010dko \u010di\u0161\u0107enje i masovni ratni i zlo\u010dini protiv humanosti po\u010dinjeni u Hrvatskoj, Bosni i Hercegovini i na Kosovu&#8221;, navode potpisnici apela.<\/p>\n<p>Apel su, me\u0111u drugim, potpisali Latinka Perovi\u0107, Stjepan Mesi\u0107, Budimir Lon\u010dar, Milan Ku\u010dan, Bogi\u0107 Bogi\u0107evi\u0107, Raif Dizdarevi\u0107, Haris Silajd\u017ei\u0107, Azem Vlasi, Veljko Bulaji\u0107, Bogdan Tanjevi\u0107, Boro Konti\u0107, Dino Mustafi\u0107, Senad Pe\u0107anin, Ivo Gold\u0161tajn, Sonja Biserko, Vladimir Arsenijevi\u0107, Svetislav Basara, Filip David, Mirjana Mio\u010dinovi\u0107, Nenad Proki\u0107, \u010cedomir Jovanovi\u0107, Nenad \u010canak, Tanja Petovar, Aleksandar Sekulovi\u0107, Gordana Su\u0161a, Veton Suroi, Agron Bajrami i drugi.<\/p>\n","protected":false},"excerpt":{"rendered":"<p>U apelu koji potpisuje 86 intelektualaca ocjenjuje se &#8220;nedopustivom pasivnost evropskih institucija i vlada demokratskih zemalja u osudi novog poku\u0161aja destabilizacije Crne Gore na principima politike Slobodana Milo\u0161evi\u0107<\/p>\n","protected":false},"author":1,"featured_media":221218,"comment_status":"open","ping_status":"closed","sticky":false,"template":"","format":"standard","meta":{"_seopress_robots_primary_cat":"","_seopress_titles_title":"","_seopress_titles_desc":"","_seopress_robots_index":"","_et_pb_use_builder":"","_et_pb_old_content":"","_et_gb_content_width":"","inline_featured_image":false,"footnotes":""},"categories":[14],"tags":[],"class_list":["post-281069","post","type-post","status-publish","format-standard","has-post-thumbnail","hentry","category-vijesti"],"_links":{"self":[{"href":"https:\/\/www.pcnen.com\/portal\/wp-json\/wp\/v2\/posts\/281069","targetHints":{"allow":["GET"]}}],"collection":[{"href":"https:\/\/www.pcnen.com\/portal\/wp-json\/wp\/v2\/posts"}],"about":[{"href":"https:\/\/www.pcnen.com\/portal\/wp-json\/wp\/v2\/types\/post"}],"author":[{"embeddable":true,"href":"https:\/\/www.pcnen.com\/portal\/wp-json\/wp\/v2\/users\/1"}],"replies":[{"embeddable":true,"href":"https:\/\/www.pcnen.com\/portal\/wp-json\/wp\/v2\/comments?post=281069"}],"version-history":[{"count":3,"href":"https:\/\/www.pcnen.com\/portal\/wp-json\/wp\/v2\/posts\/281069\/revisions"}],"predecessor-version":[{"id":281075,"href":"https:\/\/www.pcnen.com\/portal\/wp-json\/wp\/v2\/posts\/281069\/revisions\/281075"}],"wp:featuredmedia":[{"embeddable":true,"href":"https:\/\/www.pcnen.com\/portal\/wp-json\/wp\/v2\/media\/221218"}],"wp:attachment":[{"href":"https:\/\/www.pcnen.com\/portal\/wp-json\/wp\/v2\/media?parent=281069"}],"wp:term":[{"taxonomy":"category","embeddable":true,"href":"https:\/\/www.pcnen.com\/portal\/wp-json\/wp\/v2\/categories?post=281069"},{"taxonomy":"post_tag","embeddable":true,"href":"https:\/\/www.pcnen.com\/portal\/wp-json\/wp\/v2\/tags?post=281069"}],"curies":[{"name":"wp","href":"https:\/\/api.w.org\/{rel}","templated":true}]}}