{"id":280817,"date":"2019-12-27T11:57:20","date_gmt":"2019-12-27T10:57:20","guid":{"rendered":"https:\/\/www.pcnen.com\/portal\/?p=280817"},"modified":"2019-12-27T12:00:21","modified_gmt":"2019-12-27T11:00:21","slug":"poslanicima-df-odredeno-zadrzavanje-do-24-sata","status":"publish","type":"post","link":"https:\/\/www.pcnen.com\/portal\/2019\/12\/27\/poslanicima-df-odredeno-zadrzavanje-do-24-sata\/","title":{"rendered":"Poslanicima DF odre\u0111eno zadr\u017eavanje do 24 sata"},"content":{"rendered":"<p>Poslanicima Demokratskog fronta (DF) Milunu Zogovi\u0107u, Andriji Mandi\u0107u i Milanu Kne\u017eevi\u0107u Tu\u017eila\u0161tvo je odredilo zadr\u017eavanje do 24 sata.<\/p>\n<p>Zogovi\u0107 je osumnji\u010den za napad na slu\u017ebeno lice u vr\u0161enju slu\u017ebene du\u017enosti, a Mandi\u0107 i Kne\u017eevi\u0107 za sprje\u010davanje slu\u017ebenog lica u vr\u0161enju slu\u017ebene du\u017enosti.<\/p>\n<p>Njima se na teret stavlja da su napali predsjednika parlamenta Ivana Brajovi\u0107a, odnosno sprje\u010davali ga da radi, prenosi portal in4s.<\/p>\n<p>Njih trojica i <a href=\"https:\/\/www.pcnen.com\/portal\/2019\/12\/27\/mandic-knezevic-i-zogovic-kod-tuzioca\/\">uhap\u0161eni su sino\u0107 nakon incidenta<\/a> u Skup\u0161tini napravljenog tokom glasanja o slobodi vjeroispovijesti.<\/p>\n","protected":false},"excerpt":{"rendered":"<p>\u00a0Zogovi\u0107 je osumnji\u010den za napad na slu\u017ebeno lice u vr\u0161enju slu\u017ebene du\u017enosti, a Mandi\u0107 i Kne\u017eevi\u0107 za sprje\u010davanje slu\u017ebenog lica u vr\u0161enju slu\u017ebene du\u017enosti<\/p>\n","protected":false},"author":1,"featured_media":0,"comment_status":"open","ping_status":"closed","sticky":false,"template":"","format":"standard","meta":{"_seopress_robots_primary_cat":"","_seopress_titles_title":"","_seopress_titles_desc":"","_seopress_robots_index":"","_et_pb_use_builder":"","_et_pb_old_content":"","_et_gb_content_width":"","inline_featured_image":false,"footnotes":""},"categories":[14],"tags":[],"class_list":["post-280817","post","type-post","status-publish","format-standard","hentry","category-vijesti"],"_links":{"self":[{"href":"https:\/\/www.pcnen.com\/portal\/wp-json\/wp\/v2\/posts\/280817","targetHints":{"allow":["GET"]}}],"collection":[{"href":"https:\/\/www.pcnen.com\/portal\/wp-json\/wp\/v2\/posts"}],"about":[{"href":"https:\/\/www.pcnen.com\/portal\/wp-json\/wp\/v2\/types\/post"}],"author":[{"embeddable":true,"href":"https:\/\/www.pcnen.com\/portal\/wp-json\/wp\/v2\/users\/1"}],"replies":[{"embeddable":true,"href":"https:\/\/www.pcnen.com\/portal\/wp-json\/wp\/v2\/comments?post=280817"}],"version-history":[{"count":2,"href":"https:\/\/www.pcnen.com\/portal\/wp-json\/wp\/v2\/posts\/280817\/revisions"}],"predecessor-version":[{"id":280819,"href":"https:\/\/www.pcnen.com\/portal\/wp-json\/wp\/v2\/posts\/280817\/revisions\/280819"}],"wp:attachment":[{"href":"https:\/\/www.pcnen.com\/portal\/wp-json\/wp\/v2\/media?parent=280817"}],"wp:term":[{"taxonomy":"category","embeddable":true,"href":"https:\/\/www.pcnen.com\/portal\/wp-json\/wp\/v2\/categories?post=280817"},{"taxonomy":"post_tag","embeddable":true,"href":"https:\/\/www.pcnen.com\/portal\/wp-json\/wp\/v2\/tags?post=280817"}],"curies":[{"name":"wp","href":"https:\/\/api.w.org\/{rel}","templated":true}]}}