{"id":280666,"date":"2019-12-26T07:15:11","date_gmt":"2019-12-26T06:15:11","guid":{"rendered":"https:\/\/www.pcnen.com\/portal\/?p=280666"},"modified":"2019-12-25T21:23:32","modified_gmt":"2019-12-25T20:23:32","slug":"h-alterova-novogodisnja-kampanja-crowdfunding-za-tanju-belobrajdic","status":"publish","type":"post","link":"https:\/\/www.pcnen.com\/portal\/2019\/12\/26\/h-alterova-novogodisnja-kampanja-crowdfunding-za-tanju-belobrajdic\/","title":{"rendered":"H-Alterova novogodi\u0161nja kampanja: Crowdfunding za Tanju Belobrajdi\u0107!"},"content":{"rendered":"<h2>Udruzi za nezavisnu medijsku kulturu, nakladniku portala koji upravo \u010ditate, uru\u010dena je ju\u010der pravomo\u0107na presuda \u017dupanijskog suda u Splitu kojom nam se nala\u017ee da spisateljici i biv\u0161oj pripadnici HV-a Tanji Belobrajdi\u0107 platimo 30 tisu\u0107a kuna kao naknadu za du\u0161evne boli, k tome jo\u0161 6.328 kuna na ime naknade za sudske tro\u0161kove. I sve to u idu\u0107ih petnaest dana. Time je zavr\u0161en sudski postupak \u010diji ishod je dosad najozbiljnija prijetnja H-Alterovu postojanju u petnaest godina na\u0161ega rada. Naime, tih 36 tisu\u0107a jednostavno nemamo.<\/h2>\n<p>U \u010dlanku Zlo\u010din i nagrada Tanje Belobrajdi\u0107, objavljenom u studenom 2015. godine, upozorili smo na istovjetnost nagra\u0111ivane knji\u017eevnice koja je u to vrijeme promovirala po \u0161kolama svoj ratni roman, i Tanje Dui\u0107, biv\u0161e supruge biv\u0161eg zapovjednika vojno-istra\u017enog centra Lora, u to vrijeme pravomo\u0107no osu\u0111enog ratnog zlo\u010dinca Tomislava Dui\u0107a koji je u vrijeme objave \u010dlanka bio u bijegu od hrvatskog pravosu\u0111a.<\/p>\n<p>Dui\u0107 je bio uhva\u0107en usred Splita po\u010detkom 2016. godine da bi mu potom bilo uprili\u010deno novo su\u0111enje, jo\u0161 uvijek bez pravorijeka. U &#8220;inkriminiranom&#8221; \u010dlanku upozorili smo da je Tanja Belobrajdi\u0107, prema izjavama svjedoka iznesenim na su\u0111enju 2005. godine, sudjelovala u poni\u017eavanju i mu\u010denju zarobljenika u Lori, te da je osobno birala one nad kojima \u0107e se provoditi i\u017eivljavanje.<\/p>\n<p>Premda je ve\u0107i broj srpskih civila &#8211; zato\u010denika u Lori (Miroslav Petrovi\u0107, Vojkan \u017divkovi\u0107, Mi\u0107ko Koprivica, Vaso Dereti\u0107, Mirko Babi\u0107) na tada\u0161njem su\u0111enju spominjao barem jednu mla\u0111u \u017eensku osobu koja je sudjelovala u mu\u010denjima i zlostavljanjima, a neki su je pritom nazvali &#8220;Tanja&#8221;, dok ju je Vojkan \u017divkovi\u0107 jasno identificirao kao suprugu zapovjednika logora, \u0161to je vidljivo iz sudskog zapisnika, istraga se nikada nije usmjerila prema ustanovljavanju istinitosti tih navoda, odnosno otkrivanju o kojoj se to\u010dno \u017eenskoj osobi\/osobama radilo.<\/p>\n<p>UNMK-ov odvjetnik Emil Havki\u0107 predlagao je prvostupanjskoj sutkinji Andrei Krstanovi\u0107 \u010cada svjedo\u010denje grupe biv\u0161ih zato\u010denika Lore, koji danas uglavnom \u017eive u Isto\u010dnoj Hercegovini, kako bi na su\u0111enju protiv H-Alterova nakladnika odgovorili na pitanje je li upravo Tanja Dui\u0107 \/ Belobrajdi\u0107 bila ta koja im se ranih devedesetih urezala u pam\u0107enje svojim sadisti\u010dkim postupcima. Me\u0111utim sutkinja je odbila prijedlog na\u0161ega odvjetnika obrazla\u017eu\u0107i da bi se radilo o naru\u0161avanju na\u010dela ekonomi\u010dnosti sudskog postupka.<\/p>\n<p>&#8220;Kada se za nekoga napi\u0161e da sudionica mu\u010denja zarobljenika u Lori djeci predstavlja svoj &#8216;antiratni roman&#8217;, te se takvom informacijom tu\u017eiteljica imenom i prezimenom prikazuje kao osoba koja je po\u010dinila kazneno djelo ratnog zlo\u010dina protiv ratnih zarobljenika, iako pravomo\u0107na osu\u0111uju\u0107a kaznena presuda protiv nje nikada nije donesena (a \u0161to je jedino i relevantno), onda je takva informacija sasvim podobna povrijediti dostojanstvo, ugled i \u010dast tu\u017eiteljice&#8221;, presudila je sutkinja Krstanovi\u0107 \u010cada u srpnju 2019. godine.<\/p>\n<p>O\u010dito je da stav sutkinje kako se nekoga mo\u017ee &#8220;teretiti&#8221; za zlo\u010dine tek nakon \u0161to je pravomo\u0107no osu\u0111en limitira novinare da istra\u017euju i pi\u0161u o bilo kakvom kriminalu \u2013 u ovom slu\u010daju o neprocesuiranim ratnim zlo\u010dinima. I to u politi\u010dkom i dru\u0161tvenom kontekstu u kojem sudstvo i javno tu\u017eiteljstvu niti ne skrivaju namjeru da ratne zlo\u010dine po\u010dinjene s hrvatske strane \u0161to uspje\u0161nije pospreme u op\u0107i zaborav.<\/p>\n<p>&#8220;Presuda u obrazlo\u017eenju ne sadr\u017ei analizu i ocjenu iskaza koji su dani u predmetu K-93\/04 \u017dupanijskog suda u Splitu (\u201eLora\u201c), kao niti analizu i ocjenu ovjerenih izjava svjedoka, \u010dije je saslu\u0161anje sud bezrazlo\u017eno odbio, i to kako zamolbenim putem temeljem Ugovora izme\u0111u Republike Hrvatske i Savezne Republike Jugoslavije o pravnoj pomo\u0107i u gra\u0111anskim i kaznenim stvarima (Srbija i Crna Gora), tako i neposredno, \u0161to je bilo od utjecaja na pravilnost i zakonitost presude&#8221;, naveo je UNMK-ov odvjetnik Havki\u0107 u \u017ealbi na prvostupanjsku presudu sutkinje zagreba\u010dkog Op\u0107inskog gra\u0111anskog suda.<\/p>\n<p>Me\u0111utim, \u017dupanijski sud u Splitu, koji je odlu\u010divao o na\u0161oj \u017ealbi, u cijelosti je potvrdio raniju presudu. &#8220;Iz potvrde Ministarstva obrane od 3. svibnja 1999. godine proizlazi da je tu\u017eiteljica u razdoblju od 1. travnja 1993. do 31. srpnja 1994. bila pripadnica Hrvatske ratne mornarice, 73. bojne vojne policije, da je bila raspore\u0111ena na du\u017enost voditelja Slu\u017ebe de\u017eurstva 73. bojne, sklopni \u010din zastavnik-natporu\u010dnik, te da je svoju du\u017enost obna\u0161ala savjesno i odgovorno&#8221;, klju\u010dna je re\u010denica iz pravomo\u0107ne presude H-Alterovu nakladniku. Posve logi\u010dno, ako je bila raspore\u0111ena u mornarici, \u0161to bi trebala raditi u Lori&#8230;<\/p>\n<p>Na\u0161 je problem \u0161to na ra\u010dunu nemamo 36 tisu\u0107a kuna kojima bismo platili ovu kaznu. Sva svoja nenamjenska sredstva, koja smo sa\u010duvali od dugogodi\u0161njih \u010ditateljskih donacija, morali smo ulo\u017eiti u dofinanciranje programa koji nam financira Vije\u0107e za elektroni\u010dke medije, a tih 20.107,52 kuna bit \u0107e nam vra\u0107eno tek za nekoliko mjeseci, nakon \u0161to VEM prihvati na\u0161e dokaze da smo dobivena sredstva namijenski upotrijebili.<\/p>\n<p>A odmah potom ih ula\u017eemo u dofinanciranje novog programa. Ni kuna od novaca koje trenutno imamo na ra\u010dunu ne pripada nama, ve\u0107 donatorima koji financiraju na\u0161e projekte, i moramo ih potro\u0161iti prema striktno ugovorenom bud\u017eetu. Jedini logi\u010dni potez jest \u2013 vra\u0107anje tih sredstava donatorima, ga\u0161enje H-Altera i prestanak rada udruge.<\/p>\n<p>Dru\u0161tvo u kojem novinari i novinarke ne mogu postavljati pitanja nema budu\u0107nost. Dru\u0161tvo u kojem se jedino novinare i novinarke kontinuirano tu\u017ei i ka\u017enjava nema budu\u0107nost.<\/p>\n<p>Zato, ako po\u0161tujete petnaestak godina na\u0161ega rada i \u017eelite da opstanemo, s ja\u010dim vas razlozima no ikad ranije molimo za pomo\u0107. Pa i uz punu svijest o tome da \u0107e va\u0161e kune biti uredno proslije\u0111ene na ra\u010dun jedne ugledne hrvatske domoljubne spisateljice.<\/p>\n<p>Donirati mo\u017eete na linku na\u0161e <a href=\"https:\/\/gogetfunding.com\/h-alterova-novogodisnja-kampanja-crowdfunding-za-tanju-belobrajdic\/\">GoGetFunding kampanje<\/a> ili ni\u017ee opisanim, drugim na\u010dinima uplate.<\/p>\n<p>Uplatom na \u017eiro ra\u010dun HR9423400091110191182, kod PBZ, na adresu Udruge za nezavisnu medijsku kulturu, \u0160ubi\u0107eva 20\/3, 10 000 Zagreb. Poziv na broj nije potreban. Za uplate iz inozemstva SWIFT: PBZGHR2X, PBZ bank.<\/p>\n<p>Mo\u017eete donirati i putem internetskog bankarstva, skenirati bar kod s uplatnice koja se nalazi ovdje i samo upisati iznos koji \u017eelite donirati.<\/p>\n<p>Tako\u0111er, dostupna je i opcija doniranja putem Paypala na dnu stranice <a href=\"https:\/\/www.h-alter.org\/stranice\/podrzite-h-alter\">ovdje.<\/a><\/p>\n<p>H-alter<\/p>\n","protected":false},"excerpt":{"rendered":"<p>Dru\u0161tvo u kojem novinari i novinarke ne mogu postavljati pitanja nema budu\u0107nost. Dru\u0161tvo u kojem se jedino novinare i novinarke kontinuirano tu\u017ei i ka\u017enjava nema budu\u0107nost.<\/p>\n","protected":false},"author":1,"featured_media":280667,"comment_status":"open","ping_status":"closed","sticky":false,"template":"","format":"standard","meta":{"_seopress_robots_primary_cat":"","_seopress_titles_title":"","_seopress_titles_desc":"","_seopress_robots_index":"","_et_pb_use_builder":"","_et_pb_old_content":"","_et_gb_content_width":"","inline_featured_image":false,"footnotes":""},"categories":[5],"tags":[],"class_list":["post-280666","post","type-post","status-publish","format-standard","has-post-thumbnail","hentry","category-drugi-pisu"],"_links":{"self":[{"href":"https:\/\/www.pcnen.com\/portal\/wp-json\/wp\/v2\/posts\/280666","targetHints":{"allow":["GET"]}}],"collection":[{"href":"https:\/\/www.pcnen.com\/portal\/wp-json\/wp\/v2\/posts"}],"about":[{"href":"https:\/\/www.pcnen.com\/portal\/wp-json\/wp\/v2\/types\/post"}],"author":[{"embeddable":true,"href":"https:\/\/www.pcnen.com\/portal\/wp-json\/wp\/v2\/users\/1"}],"replies":[{"embeddable":true,"href":"https:\/\/www.pcnen.com\/portal\/wp-json\/wp\/v2\/comments?post=280666"}],"version-history":[{"count":2,"href":"https:\/\/www.pcnen.com\/portal\/wp-json\/wp\/v2\/posts\/280666\/revisions"}],"predecessor-version":[{"id":280669,"href":"https:\/\/www.pcnen.com\/portal\/wp-json\/wp\/v2\/posts\/280666\/revisions\/280669"}],"wp:featuredmedia":[{"embeddable":true,"href":"https:\/\/www.pcnen.com\/portal\/wp-json\/wp\/v2\/media\/280667"}],"wp:attachment":[{"href":"https:\/\/www.pcnen.com\/portal\/wp-json\/wp\/v2\/media?parent=280666"}],"wp:term":[{"taxonomy":"category","embeddable":true,"href":"https:\/\/www.pcnen.com\/portal\/wp-json\/wp\/v2\/categories?post=280666"},{"taxonomy":"post_tag","embeddable":true,"href":"https:\/\/www.pcnen.com\/portal\/wp-json\/wp\/v2\/tags?post=280666"}],"curies":[{"name":"wp","href":"https:\/\/api.w.org\/{rel}","templated":true}]}}