{"id":280522,"date":"2019-12-23T15:33:36","date_gmt":"2019-12-23T14:33:36","guid":{"rendered":"https:\/\/www.pcnen.com\/portal\/?p=280522"},"modified":"2019-12-23T15:34:35","modified_gmt":"2019-12-23T14:34:35","slug":"predlog-zakona-o-vjerskim-slobodama-dobio-zeleno-svijetlo-u-odboru-za-ljudska-prava-i-slobode","status":"publish","type":"post","link":"https:\/\/www.pcnen.com\/portal\/2019\/12\/23\/predlog-zakona-o-vjerskim-slobodama-dobio-zeleno-svijetlo-u-odboru-za-ljudska-prava-i-slobode\/","title":{"rendered":"Predlog zakona o vjerskim slobodama dobio zeleno svijetlo u Odboru za ljudska prava i slobode"},"content":{"rendered":"<p>Odbor za ljudska prava i slobode Skup\u0161tine Crne Gore je podr\u017eao danas Vladin predlog zakona o vjerskim slobodama i preporu\u010dio ga Skup\u0161tini za usvajanje.<\/p>\n<p>Glasanju nijesu prisustvovali \u010dlanovi Odbora iz opozicije.<\/p>\n<p>Poslanici iz opozicionog Demokratskog fronta su tokom sjednice ispred sebe dr\u017eali bijeli luk, \u0161to je trebalo da predstavlja odbranu od \u0111avolskih sila.<\/p>\n<p>Rektor cetinjske bogoslovije Gojko Perovi\u0107 je predlo\u017eio Vladi da predlo\u017eeni zakon povu\u010de iz procedure I pristpi istinskom dijalogu sa onima kojih se zakon ti\u010de.<\/p>\n<p>Predlog kontroverznog zakona je sjutra na dnevnom redu Zakonodavnog odbora, <a href=\"https:\/\/www.pcnen.com\/portal\/2019\/12\/20\/najava-obrta-u-slucaju-zakona-o-slobodi-vjeroispovijesti\/\">\u010dija je pravna slu\u017eba dovela u pitanje njegovu ustavnost.<\/a><\/p>\n<p>Mitropolija crnogorsko-primorska je <a href=\"https:\/\/www.pcnen.com\/portal\/2019\/12\/23\/svestenstvo-i-monastvo-u-utorak-dolazi-pred-skupstinu-crne-gore\/\">najavila dolazak svje\u0161tenstva i mona\u0161tva<\/a> iz cijele Crne Gore sjutra pred zgradu parlamenta.<\/p>\n","protected":false},"excerpt":{"rendered":"<p>Rektor cetinjske bogoslovije Gojko Perovi\u0107 je predlo\u017eio Vladi da zakon povu\u010de iz procedure I pristpi istinskom dijalogu sa onima kojih se zakon ti\u010de.<\/p>\n","protected":false},"author":1,"featured_media":279481,"comment_status":"open","ping_status":"closed","sticky":false,"template":"","format":"standard","meta":{"_seopress_robots_primary_cat":"","_seopress_titles_title":"","_seopress_titles_desc":"","_seopress_robots_index":"","_et_pb_use_builder":"","_et_pb_old_content":"","_et_gb_content_width":"","inline_featured_image":false,"footnotes":""},"categories":[14],"tags":[],"class_list":["post-280522","post","type-post","status-publish","format-standard","has-post-thumbnail","hentry","category-vijesti"],"_links":{"self":[{"href":"https:\/\/www.pcnen.com\/portal\/wp-json\/wp\/v2\/posts\/280522","targetHints":{"allow":["GET"]}}],"collection":[{"href":"https:\/\/www.pcnen.com\/portal\/wp-json\/wp\/v2\/posts"}],"about":[{"href":"https:\/\/www.pcnen.com\/portal\/wp-json\/wp\/v2\/types\/post"}],"author":[{"embeddable":true,"href":"https:\/\/www.pcnen.com\/portal\/wp-json\/wp\/v2\/users\/1"}],"replies":[{"embeddable":true,"href":"https:\/\/www.pcnen.com\/portal\/wp-json\/wp\/v2\/comments?post=280522"}],"version-history":[{"count":2,"href":"https:\/\/www.pcnen.com\/portal\/wp-json\/wp\/v2\/posts\/280522\/revisions"}],"predecessor-version":[{"id":280524,"href":"https:\/\/www.pcnen.com\/portal\/wp-json\/wp\/v2\/posts\/280522\/revisions\/280524"}],"wp:featuredmedia":[{"embeddable":true,"href":"https:\/\/www.pcnen.com\/portal\/wp-json\/wp\/v2\/media\/279481"}],"wp:attachment":[{"href":"https:\/\/www.pcnen.com\/portal\/wp-json\/wp\/v2\/media?parent=280522"}],"wp:term":[{"taxonomy":"category","embeddable":true,"href":"https:\/\/www.pcnen.com\/portal\/wp-json\/wp\/v2\/categories?post=280522"},{"taxonomy":"post_tag","embeddable":true,"href":"https:\/\/www.pcnen.com\/portal\/wp-json\/wp\/v2\/tags?post=280522"}],"curies":[{"name":"wp","href":"https:\/\/api.w.org\/{rel}","templated":true}]}}