{"id":280351,"date":"2019-12-21T11:45:32","date_gmt":"2019-12-21T10:45:32","guid":{"rendered":"https:\/\/www.pcnen.com\/portal\/?p=280351"},"modified":"2019-12-21T16:37:07","modified_gmt":"2019-12-21T15:37:07","slug":"crkveno-narodni-sabor-protiv-vladinog-zakona","status":"publish","type":"post","link":"https:\/\/www.pcnen.com\/portal\/2019\/12\/21\/crkveno-narodni-sabor-protiv-vladinog-zakona\/","title":{"rendered":"Crkveno-narodni sabor protiv Vladinog zakona"},"content":{"rendered":"<p>Poslije liturgije u sabornom hramu Svetog Vasilija Ostro\u0161kog, <a href=\"https:\/\/www.pcnen.com\/portal\/2019\/12\/21\/poruka-svetovasilijevs%d0%baog-sabora\/\">Crkveno-narodni sabor je usvojio poruku u kojoj je ponovljen zahtjev Troji\u010dindanskog sabora &#8220;da \u0107emo \u010duvati, obnavljati i braniti sve na\u0161e svetinje.&#8221;<\/a><\/p>\n<p>Liturgiju je pokraj svetiteljevih mo\u0161tiju slu\u017eio Mitropolit crnogorsko-primorski Amfilohije i episkopi: ra\u0161ko-prizrenski Teodosije, mile\u0161evski Atanasije, budimljansko-nik\u0161i\u0107ki Joanikije, pakra\u010dko slavonski Jovan, biha\u0107ko-petrova\u010dki Sergije, zahumsko-hercegova\u010dki Dimitrije, dioklijski Metodije, umirovljeni zahumsko-hercegova\u010dki Atanasije sa mnogobrojnim sve\u0161tenstvom i sve\u0161tenomona\u0161tvom.<\/p>\n<p><iframe loading=\"lazy\" title=\"\u0418\u041d4\u0421 \u0423\u0416\u0418\u0412\u041e: \u0412\u0435\u043b\u0438\u043a\u0438 \u0421\u0430\u0431\u043e\u0440 \u0443 \u041d\u0438\u043a\u0448\u0438\u045b\u0443 2. \u0434\u0438\u043e\" width=\"1080\" height=\"608\" src=\"https:\/\/www.youtube.com\/embed\/a-16Pz1Myw4?feature=oembed\" frameborder=\"0\" allow=\"accelerometer; autoplay; clipboard-write; encrypted-media; gyroscope; picture-in-picture; web-share\" allowfullscreen><\/iframe><\/p>\n<p>Vladika Joanikije je saop\u0161tio da \u0107e ovaj dan ubudu\u0107e biti proslavljan kao dan posjete Svetog Vasilija gradu Nik\u0161i\u0107u.<\/p>\n<p>Vladika Joanikije je pro\u010ditao pismo carigradskog patrijarha Vartolomeja predsjedniku Crne Gore Milu \u0110ukanovi\u0107u, u kome se isti\u010de osuda rje\u0161enja iz predlo\u017eenog zakona o slobodi vjeroispovijesti, prema kojima se oduzima vlasni\u0161tvo nad hramovima Mitrpoliji crnogorsko-primorskoj. Patrijarh Vartolomej je ponovio da CPC nije priznata, a da je njen prvosve\u0161tenik Mihailo ra\u0161\u010dinjen.<\/p>\n<p>Portal Vijesti javlja da je policija kontrolisala autobuse koji su iz pravca Podgorice i\u0161li prema Nik\u0161i\u0107.<\/p>\n<p>Iz Savjeta za gra\u0111ansku kontrolu rada policije je re\u010deno da je policija zaustavljala i grupisala autobuse kako bi, uz njenu pratnju, ka\u0161e do\u0161lki do Nik\u0161i\u0107a.<\/p>\n<p>Na internet stranici mitropolija.com objavljenao je da su brojni vjernici vra\u0107eni sa grani\u010dnih prelaza prema Srbiji I BiH.<\/p>\n<p>U Nik\u0161i\u0107u pada jaka ki\u0161a, ali se procjenjuje da je vi\u0161e hiljada ljudi okupljena na prpstranom platou ispre hrama i u njegovoj neposrednoj blizini.<\/p>\n<p>Prema procjeni organizatora, Saboru je prisustvovalo oko 20.000 ljudi, dok je policija procijenila\u00a0 da ih je bilo oko 6.000.<\/p>\n","protected":false},"excerpt":{"rendered":"<p>U\u010desnici Sabora su od Vlade Crne Gore zatra\u017eiti povla\u010denje diskriminatorskog Predloga zakona o slobodi vjeroispovijesti i pravnom polo\u017eaju crkava i vjerskih zajedednica<\/p>\n","protected":false},"author":1,"featured_media":0,"comment_status":"open","ping_status":"closed","sticky":false,"template":"","format":"standard","meta":{"_seopress_robots_primary_cat":"","_seopress_titles_title":"","_seopress_titles_desc":"","_seopress_robots_index":"","_et_pb_use_builder":"","_et_pb_old_content":"","_et_gb_content_width":"","inline_featured_image":false,"footnotes":""},"categories":[14,12],"tags":[],"class_list":["post-280351","post","type-post","status-publish","format-standard","hentry","category-vijesti","category-prica-dana"],"_links":{"self":[{"href":"https:\/\/www.pcnen.com\/portal\/wp-json\/wp\/v2\/posts\/280351","targetHints":{"allow":["GET"]}}],"collection":[{"href":"https:\/\/www.pcnen.com\/portal\/wp-json\/wp\/v2\/posts"}],"about":[{"href":"https:\/\/www.pcnen.com\/portal\/wp-json\/wp\/v2\/types\/post"}],"author":[{"embeddable":true,"href":"https:\/\/www.pcnen.com\/portal\/wp-json\/wp\/v2\/users\/1"}],"replies":[{"embeddable":true,"href":"https:\/\/www.pcnen.com\/portal\/wp-json\/wp\/v2\/comments?post=280351"}],"version-history":[{"count":14,"href":"https:\/\/www.pcnen.com\/portal\/wp-json\/wp\/v2\/posts\/280351\/revisions"}],"predecessor-version":[{"id":280387,"href":"https:\/\/www.pcnen.com\/portal\/wp-json\/wp\/v2\/posts\/280351\/revisions\/280387"}],"wp:attachment":[{"href":"https:\/\/www.pcnen.com\/portal\/wp-json\/wp\/v2\/media?parent=280351"}],"wp:term":[{"taxonomy":"category","embeddable":true,"href":"https:\/\/www.pcnen.com\/portal\/wp-json\/wp\/v2\/categories?post=280351"},{"taxonomy":"post_tag","embeddable":true,"href":"https:\/\/www.pcnen.com\/portal\/wp-json\/wp\/v2\/tags?post=280351"}],"curies":[{"name":"wp","href":"https:\/\/api.w.org\/{rel}","templated":true}]}}