{"id":280257,"date":"2019-12-20T09:40:13","date_gmt":"2019-12-20T08:40:13","guid":{"rendered":"https:\/\/www.pcnen.com\/portal\/?p=280257"},"modified":"2019-12-20T13:20:24","modified_gmt":"2019-12-20T12:20:24","slug":"prorok","status":"publish","type":"post","link":"https:\/\/www.pcnen.com\/portal\/2019\/12\/20\/prorok\/","title":{"rendered":"Prorok"},"content":{"rendered":"<p>Ve\u010deras \u0107e na \u201eJavnom servisu\u201c biti prikazana prednovogodi\u0161nja \u201e\u017diva istina\u201c, koja je ovih desetak godina lutala od televizije do televizije, da bi je na kraju, zbog profesionalnosti, prigrabio profesionalni \u201cJavni servis\u201d.<\/p>\n<p>Svaka istina kod nas luta, ali ova lutaju\u0107a a \u017eiva istina se ba\u0161 nalutala. Jedno vrijeme je \u010dak bila zalutala i na televiziji odbjeglog tajkuna \u201e\u0161efa organizovane kriminalne grupe\u201c, koji je nekakvim kovertama finansirao vladaju\u0107u partiju,\u00a0 a bankovnim karticama aktuelnog predsjednika dr\u017eave, tradicionalnog gosta prednovogodi\u0161nje \u201e\u017dive istine\u201c.<\/p>\n<p>No, najbolji novinar kod nas, u Beograd i na svijet, u ve\u010dera\u0161njoj emisiji \u0107e samo ovla\u0161 dota\u0107i tu, manje bitnu temu: \u201eKovertu\u201c, nepokriveni dug na bankovnoj kartici kod \u201eodbjeglog \u0161efa organizovalne krininalne grupe\u201c, poslovne i druge odnose predsjednika dr\u017eave i\u00a0 tog lica sa potjernice, te sli\u010dne afere.<\/p>\n<p>Profesionalni novinar i patriota kakav je Darko \u0160ukovi\u0107 ima\u0107e za razgovor sa gostom mnogo bitnijih tema od tih trivijalnih.\u00a0 Ve\u0107i dio emisije \u0107e posvetiti predlo\u017eenom zakonu o vjerskim zajednicama, jer to je najve\u0107i problem Crne Gore od progla\u0161enja samostalnosti. Zajedno sa gostom, smiriva\u0107e nastale tenzije na na\u010din \u0161to \u0107e sa njim takmi\u010diti u crnogor\u010denju, napadima na SPC i odbrani CPC, a sve u cilju odbrane njihove majke Crne Gore, koja je mnogima postala ma\u0107eha. Ne ka\u017ee se d\u017eaba \u201enekom majka, nekom ma\u0107eha\u201c.<\/p>\n<p>Tomosi, ali ne oni slovena\u010dki Tomos-motori \u0107e obilje\u017eiti emisiju. Profesionalni opozicionari \u0107e bez daha, pa\u017eljivo pratiti svaku izgovorenu rije\u010d, kako bi ve\u0107 sjutradan izdali o\u0161tro saop\u0161tenje na ra\u010dun predsjednikovog\u00a0 gostovanja kod svog omiljenog novinara. Saop\u0161tenja za \u0161tampu na\u0161ih beskompromisnih opozicionara prosto uni\u0161tavaju vladaju\u0107e strukture.<\/p>\n<p>Subota \u0107e brujati od saop\u0161tenja. Jer, uz ovo, profesionalni opozicionari i njihovi DPS pandani\u00a0 \u0107e izdati \u0161to zapaljivije saop\u0161tenje povodom zakazanog, protestnog crkvenog sabora u Nik\u0161i\u0107u. A na saboru \u0107e, uprkos ki\u0161i,\u00a0 biti blizu 50.000 ljudi. Javni servis ne\u0107e pominjati broj \u2013 jer je to cifra o kojoj on ne smije izvjestiti, a Demokratski front \u0107e procjeniti da ih je bilo oko\u00a0 100. 000, dodav\u0161i da je to bio najveli\u010dasntveniji i najmasovniji skup ikad odr\u017ean u Crnoj Gori, koji je pokazao da vjeruju\u0107i narod ne\u0107e dati crkve po cijenu svojih \u017eivota. Incidenata ne\u0107e biti, a kamoli rata. Jedan opozicionar juno\u0161a, \u0107e poku\u0161ati da se po svaku cijenu istakne jure\u0107i u svakoj prilici svoj san o 3%, ali ni on ne\u0107e uspjeti da bitnije naru\u0161i mirnu atmosferu na saboru.<\/p>\n<p>Iako idem na skoro sve protestne skupove, na ovaj ne\u0107u i\u0107i. Iz vi\u0161e razloga. Kao \u0161to vidite, kroz prikazane vizije znam unaprijed \u0161to \u0107e se de\u0161avati, plus sam musliman. A lider Demokratskog fronta Andrija Mandi\u0107 je upozorio nas inovjerce da se ne mije\u0161amo u stvari koje se ti\u010du isklju\u010divo pravoslavaca. Istina, mitropolit Amfilohije je i nas pozvao da prisustvujem crkvenom saboru, tako da su mnogi od nas zbunjeni, ve\u0107ina i upla\u0161eni najavama \u010dak mogu\u0107eg rata. Jer kako god uradimo \u2013 ne valja. Mitropolit Amfilohije je u svom pozivu nepravoslavcima dodao da je Sveti Vasilije Ostro\u0161ki\u00a0 svetac kojeg po\u0161tuju sve tri vjere, te da je i to jedan od razloga \u0161to bi trebali da se pridru\u017eimo saboru. Bi\u0107u slobodan da ispravim gospodina Amfilohija. Islam ne priznaje svece, samo jedan je Bog (Allah) i niko mu ravan nije.<\/p>\n<p>A rata, ponavljam, ne pla\u0161ite se, ne\u0107e biti. Ne\u0107e, jer ne odgovara onima koji su upravo ratovima stekli sve. Jedni vlast, drugi vje\u010dite opozicione mandate. Rat je rizik i za njih. Rizik da izgube te pozicije, ne i \u017eivote. U ratovima \u017eivote gubimo mi, oni ne, nikad.<\/p>\n<p>Crkveni sabor i zakon o vjerskim zajednicama \u0107e jo\u0161 dugo biti glavni problem i tema u Crnoj Gori. Sve dok oni koji su bili u slobodnom padu ne narastu na 15 do maksimalno 20%. To DPS-u omogu\u0161\u0107ava stabilnih 40 %, bez obzira koja nova afera izbila. Da iza\u0111e snimak kako predsjednik dr\u017eave \u0161mr\u010du\u0107i kokain, okru\u017een sa desetak nagih manekenki naru\u010duje ne\u010dije ubistvo, dok oni imaju 15 do 20% , nema zime ni za njega, ni za DPS.<\/p>\n<p>Poslije par mjeseci sve \u0107e utihnuti i ostati isto. Crkve \u0107e, normalno, ostati u vlasni\u0161tvu SPC. Zakon \u0107e biti ili povu\u010den ili ostati mrtvo slovo na papiru, kao \u0161to su ve\u0107ina zakona u Crnoj Gori. Sje\u0107a\u0107emo se svega kao crkve na Rumiji, zbog koje onda, tako\u0111e umalo, ne zaratismo izme\u0111u sebe.<\/p>\n<p>Zakon o radu, novi zakon o penzijskom osiguranju koji je trebao stupiti na snagu jo\u0161 01.01.2019. godine i koji hiljade ljudi pred penzijom \u010dekaju kao ozebli sunce, ne\u0107e biti usvojen. Sve afere \u0107e ostati neprocesuirane, la\u017eni izbori \u0107e biti po pravilima kao do sada. Uprkos potpisanom Sporazumu o budu\u0107nosti, opozicija, pogotovu ova profesionalna, \u0107e prva iza\u0107i na njih i dati legitimitet novoj izbornoj pobjedi DPS-a. Skoro 700 miliona eura duga \u0107e nam u narednoj godini sti\u0107i na naplatu, zato \u0107e nam sada\u0161nje plate, trenutno stanje u \u0161kolstvu i zdravstvu, biti lijepi, pro\u017eivljeni san. Nasta\u0107e jo\u0161 ve\u0107i egzodus gra\u0111ana Crne Gore prema zemljama Zapadne Evrope. U zemlji \u0107e ostajati samo manje sposobni i stru\u010dni, bolesni i stari ljudi. A takva dr\u017eava vi\u0161e nema perspektivu. Tako \u0107e njeni grobari biti oni koji su je najvi\u0161e \u010duvali i branili. Crkve i d\u017eamije \u0107e onda zvrjati prazne.<\/p>\n<p>Ne krivite mene za ovakvu viziju i predskazanje. Ono mi se javilo samo, nezavisno od moje volje. A to \u0161to imam nadprirodne mo\u0107i, nije do mene. I neka mi dragi Allah oprosti jer znam da je proricanje u islamu najstro\u017eije zabranjeno.<\/p>\n","protected":false},"excerpt":{"rendered":"<p>Pi\u0161e: Omer \u0160ARKI\u0106<\/p>\n","protected":false},"author":12,"featured_media":0,"comment_status":"open","ping_status":"closed","sticky":false,"template":"","format":"standard","meta":{"_seopress_robots_primary_cat":"","_seopress_titles_title":"","_seopress_titles_desc":"","_seopress_robots_index":"","_et_pb_use_builder":"","_et_pb_old_content":"","_et_gb_content_width":"","inline_featured_image":false,"footnotes":""},"categories":[17],"tags":[],"class_list":["post-280257","post","type-post","status-publish","format-standard","hentry","category-blogovi"],"_links":{"self":[{"href":"https:\/\/www.pcnen.com\/portal\/wp-json\/wp\/v2\/posts\/280257","targetHints":{"allow":["GET"]}}],"collection":[{"href":"https:\/\/www.pcnen.com\/portal\/wp-json\/wp\/v2\/posts"}],"about":[{"href":"https:\/\/www.pcnen.com\/portal\/wp-json\/wp\/v2\/types\/post"}],"author":[{"embeddable":true,"href":"https:\/\/www.pcnen.com\/portal\/wp-json\/wp\/v2\/users\/12"}],"replies":[{"embeddable":true,"href":"https:\/\/www.pcnen.com\/portal\/wp-json\/wp\/v2\/comments?post=280257"}],"version-history":[{"count":5,"href":"https:\/\/www.pcnen.com\/portal\/wp-json\/wp\/v2\/posts\/280257\/revisions"}],"predecessor-version":[{"id":280292,"href":"https:\/\/www.pcnen.com\/portal\/wp-json\/wp\/v2\/posts\/280257\/revisions\/280292"}],"wp:attachment":[{"href":"https:\/\/www.pcnen.com\/portal\/wp-json\/wp\/v2\/media?parent=280257"}],"wp:term":[{"taxonomy":"category","embeddable":true,"href":"https:\/\/www.pcnen.com\/portal\/wp-json\/wp\/v2\/categories?post=280257"},{"taxonomy":"post_tag","embeddable":true,"href":"https:\/\/www.pcnen.com\/portal\/wp-json\/wp\/v2\/tags?post=280257"}],"curies":[{"name":"wp","href":"https:\/\/api.w.org\/{rel}","templated":true}]}}