{"id":280213,"date":"2019-12-19T15:43:35","date_gmt":"2019-12-19T14:43:35","guid":{"rendered":"https:\/\/www.pcnen.com\/portal\/?p=280213"},"modified":"2019-12-19T16:17:20","modified_gmt":"2019-12-19T15:17:20","slug":"odgovor-na-poslanicko-pitanje-razotkrio-mapu-crnogorske-socijalne-zbilje","status":"publish","type":"post","link":"https:\/\/www.pcnen.com\/portal\/2019\/12\/19\/odgovor-na-poslanicko-pitanje-razotkrio-mapu-crnogorske-socijalne-zbilje\/","title":{"rendered":"Odgovor na poslani\u010dko pitanje razotkrio mapu crnogorske socijalne zbilje"},"content":{"rendered":"<p>Crnogorska javnost je saznala i jo\u0161 neke podatke koje prikazuju pravo stanje stvari u crnogorskoj ekonomiji, koje vlast nastoji da prikazuje u ru\u017ei\u010dastim bojama.<\/p>\n<p><img loading=\"lazy\" decoding=\"async\" class=\"size-medium wp-image-188223 alignleft\" src=\"https:\/\/www.pcnen.com\/portal\/wp-content\/uploads\/2015\/09\/Rasko-Konjevic-e1546120103509-300x206.jpg\" alt=\"\" width=\"300\" height=\"206\" \/>Dr\u017eavna uprava za statistiku objavljuje podatke o prosje\u010dnim zaradama a ne podatke koje je tra\u017eio poslanik.<\/p>\n<p>Poslanik Socijaldemokratske partije CG Ra\u0161ko Konjevi\u0107 je postavio ministru finansija Darku Radunovi\u0107u sljede\u0107a pitanja:<\/p>\n<ul>\n<li>Koliko, prema podacima Poreske uprave, zaklju\u010dno sa 01.06.2019,. imamo zaposlenih u Crnoj Gori koji primaju neto zaradu do 250 eura?<\/li>\n<li>Koliko, zaklju\u010dno sa 01.06.2019,. imamo zaposlenih u Crnoj Gori koji primaju neto zaradu od 251 do 400 eura?<\/li>\n<li>Koliko, zaklju\u010dno sa 01.06.2019,. imamo zaposlenih u Crnoj Gori koji primaju neto zaradu od 401 do 500 eura?<\/li>\n<li>Koliko, zaklju\u010dno sa 01.06.2019,. imamo zaposlenih u Crnoj Gori koji primaju neto zaradu od 501 do 700 eura?<\/li>\n<li>Koliko, zaklju\u010dno sa 01.06.2019,. imamo zaposlenih u Crnoj Gori koji primaju neto zaradu od 701 do 1000 eura?<\/li>\n<li>Koliko, zaklju\u010dno sa 01.06.2019,. imamo zaposlenih u Crnoj Gori koji primaju neto zaradu vi\u0161u od 1.000 eura?<\/li>\n<\/ul>\n<p>Ministar Radunovi\u0107 je u odgovoru na postavljena pitanja koristio podatke Poreske uprave CG, uz napomenu da se radi o podacima zaposlenih za koje su poslodavci podnijeli izvje\u0161taje o obra\u010dunatim porezima i doprinosima.<\/p>\n<blockquote><p><strong>Pitanje:<\/strong> Koliko, prema podacima Poreske uprave, zaklju\u010dno sa 01.06.2019, imamo zaposlenih u Crnoj Gori koji primaju neto zaradu do 250 eura?<\/p>\n<h2><strong>Odgovor:<\/strong> Zaposlenih koji primaju zaradu do 250 eura bilo je 59.753.<\/h2>\n<p><strong>Pitanje:<\/strong> Koliko, zaklju\u010dno sa 01.06.2019, imamo zaposlenih u Crnoj Gori koji primaju neto zaradu od 251 \u00a0do 400 eura?<\/p>\n<h2><strong>Odgovor:<\/strong> Zaposlenih koji primaju zaradu od 251 do 400 eura bilo je 33.920.<\/h2>\n<p>&nbsp;<\/p>\n<p><strong>Pitanje:<\/strong> Koliko, zaklju\u010dno sa 01.06.2019, imamo zaposlenih u Crnoj Gori koji primaju neto zaradu od 401 do 500 eura?<\/p>\n<h2><strong>Odgovor:<\/strong> Zaposlenih koji primaju zaradu od 401 do 500 eura bilo je 19.254.<\/h2>\n<p><strong>Pitanje:<\/strong> Koliko, zaklju\u010dno sa 01.06.2019, imamo zaposlenih u Crnoj Gori koji primaju neto zaradu od 501 do 700 eura.<\/p>\n<h2><strong>Odgovor: :<\/strong> Zaposlenih koji primaju zaradu od 501 do 700 eura bilo je 27.285.<\/h2>\n<p><strong>Pitanje:<\/strong> Koliko, zaklju\u010dno sa 01.06.2019, imamo zaposlenih u Crnoj Gori koji primaju neto zaradu od 701 do 1000 eura?<\/p>\n<h2><strong>Odgovor:<\/strong> \u00a0Zaposlenih koji primaju neto zaradu od 701 do 1000 eura bilo je 13.557.<\/h2>\n<p><strong>Pitanje:<\/strong> Koliko, zaklju\u010dno sa 01.06.2019, imamo zaposlenih u Crnoj Gori koji primaju neto zaradu vi\u0161u od 1.000 eura?<\/p>\n<h2><strong>Odgovor:<\/strong> Zaposlenih koji primaju neto zaradu ve\u0107u od 1000 eura ima 10.112.<\/h2>\n<\/blockquote>\n<p>Poslanik Konjevi\u0107 je, nakon \u0161to je \u010duo podatke, kontatovao da dr\u017eavna uprava za statistiku MONSTAT operi\u0161e sa podatkom o 200.000 zaposlenih u Crnoj Gori, pa ispada da je oko 40.000 zaposlenih u sivoj ekonomiji, jer poslodavci ne upla\u0107uju novac dr\u017eavi na ime poreza i doprinosa, iako je njihova zakonska obaveza da to \u010dine onoga momenta kada zaposlenima ispla\u0107uju zarade. Zbog toga se pojavljuje i razlika u broju zaposlenih kojima barata zvani\u010dna statistika i onih koje ima Poreska uprava.<\/p>\n<p>Konjevi\u0107 je konstatovao i da poslodavci dijelu zaposlenih ispla\u0107uje ve\u0107e zarade od prikazanih, ali ne ispla\u0107uju poreze i doprinose i na taj skriveni dio zarade, \u0161to tako\u0111e spada u sivu ekonomiju.<\/p>\n<p><iframe loading=\"lazy\" title=\"Poslanik SDP Ra\u0161ko Konjevi\u0107\" width=\"1080\" height=\"608\" src=\"https:\/\/www.youtube.com\/embed\/jpcn1AeL24g?feature=oembed\" frameborder=\"0\" allow=\"accelerometer; autoplay; clipboard-write; encrypted-media; gyroscope; picture-in-picture; web-share\" allowfullscreen><\/iframe><\/p>\n","protected":false},"excerpt":{"rendered":"<p>Zahvaljuju\u0107i poslani\u010dkom pitanju jednog biv\u0161eg ministra finansija, a sada opozicionara, crnogorska javnost je do\u0161la do podataka, u posjedu Poreske uprave, koji pokazuju da oko 40.000 zaposlenih u Crnoj Gori prima neku zaradu, a da poslodavci na tu zaradu ne upla\u0107uju zakonom predvi\u0111ene poreze i doprinose.<\/p>\n","protected":false},"author":1,"featured_media":274197,"comment_status":"open","ping_status":"closed","sticky":false,"template":"","format":"standard","meta":{"_seopress_robots_primary_cat":"","_seopress_titles_title":"","_seopress_titles_desc":"","_seopress_robots_index":"","_et_pb_use_builder":"","_et_pb_old_content":"","_et_gb_content_width":"","inline_featured_image":false,"footnotes":""},"categories":[14,12],"tags":[],"class_list":["post-280213","post","type-post","status-publish","format-standard","has-post-thumbnail","hentry","category-vijesti","category-prica-dana"],"_links":{"self":[{"href":"https:\/\/www.pcnen.com\/portal\/wp-json\/wp\/v2\/posts\/280213","targetHints":{"allow":["GET"]}}],"collection":[{"href":"https:\/\/www.pcnen.com\/portal\/wp-json\/wp\/v2\/posts"}],"about":[{"href":"https:\/\/www.pcnen.com\/portal\/wp-json\/wp\/v2\/types\/post"}],"author":[{"embeddable":true,"href":"https:\/\/www.pcnen.com\/portal\/wp-json\/wp\/v2\/users\/1"}],"replies":[{"embeddable":true,"href":"https:\/\/www.pcnen.com\/portal\/wp-json\/wp\/v2\/comments?post=280213"}],"version-history":[{"count":4,"href":"https:\/\/www.pcnen.com\/portal\/wp-json\/wp\/v2\/posts\/280213\/revisions"}],"predecessor-version":[{"id":280217,"href":"https:\/\/www.pcnen.com\/portal\/wp-json\/wp\/v2\/posts\/280213\/revisions\/280217"}],"wp:featuredmedia":[{"embeddable":true,"href":"https:\/\/www.pcnen.com\/portal\/wp-json\/wp\/v2\/media\/274197"}],"wp:attachment":[{"href":"https:\/\/www.pcnen.com\/portal\/wp-json\/wp\/v2\/media?parent=280213"}],"wp:term":[{"taxonomy":"category","embeddable":true,"href":"https:\/\/www.pcnen.com\/portal\/wp-json\/wp\/v2\/categories?post=280213"},{"taxonomy":"post_tag","embeddable":true,"href":"https:\/\/www.pcnen.com\/portal\/wp-json\/wp\/v2\/tags?post=280213"}],"curies":[{"name":"wp","href":"https:\/\/api.w.org\/{rel}","templated":true}]}}