{"id":280021,"date":"2019-12-16T15:51:53","date_gmt":"2019-12-16T14:51:53","guid":{"rendered":"https:\/\/www.pcnen.com\/portal\/?p=280021"},"modified":"2019-12-16T15:51:53","modified_gmt":"2019-12-16T14:51:53","slug":"ankara-postaje-glavni-donator-vcg","status":"publish","type":"post","link":"https:\/\/www.pcnen.com\/portal\/2019\/12\/16\/ankara-postaje-glavni-donator-vcg\/","title":{"rendered":"Ankara postaje glavni donator VCG"},"content":{"rendered":"<p>Turske fabrike izradi\u0107e terenska vozila za potrebe crnogorske vojske, a ra\u010dun od oko 15,5 miliona eura podmiri\u0107e turski odbrambeni bud\u017eet. Oko 550 hiljada eura odre\u0111eno je za finansiranje obrazovanja kadrova za potrebe VCG u turskom vojnom \u0161kolskom sistemu, pi\u0161e balkansec.net.<\/p>\n<p>Turska kroz donaciju VCG istvoremeno ja\u010da svoje prisustvo na Balkanu i \u0161alje politi\u010dku i bezbjednosnu poruku o presti\u017eu i dobroj volji a iz bud\u017eeta se poma\u017ee turska industrija.<\/p>\n<p>Prema mehanizmu donacije, Ministarstvo odbrane Crne Gore svake od predstoje\u0107ih pet godina prije zavr\u0161etka januara dostavlja\u0107e u Ankaru izbor vozila po namjenama i nosivosti sa preciziranim prioritetima po modelima, koli\u010dini i takti\u010dko-tehni\u010dkim karakteristikama. Zatim \u0107e tursko ministarstvo internom procedurom ugovarati nabavku vozila. Odobreni iznos donacije je 100 miliona turskih lira, ali zbog inflacije obra\u010dunska jedinica bi\u0107e ameri\u010dki dolar. Tro\u0161ak prevoza i vezani tro\u0161kovi idu na teret korisnika donacije \u2013 VCG.<\/p>\n<p>Za sada nema preciznih informacija koja \u0107e vozila biti nabavljena, ali du\u017ei susreti crnogorske delegacije koju je vodio ministar odbrane Predrag Bo\u0161kovi\u0107 sa predstavnicima firme BMC na izlo\u017ebi naru\u017eanja IDEF-2019 po\u010detkom maja ove godine u Istanbulu vi\u0161e su od indikatora namjera,<a href=\"https:\/\/www.balkansec.net\/post\/turski-prodor-na-balkan-ankara-postaje-glavni-donator-vojske-crne-gore\"> pi\u0161e balkansec.net.<\/a><\/p>\n","protected":false},"excerpt":{"rendered":"<p>Tursko Ministarstvo odbrane posta\u0107e glavni donator Vojske Crne Gore (VCG) sa paketom pomo\u0107i u vrijednosti od oko 16,05 miliona eura u slede\u0107ih pet godina.<\/p>\n","protected":false},"author":1,"featured_media":280022,"comment_status":"open","ping_status":"closed","sticky":false,"template":"","format":"standard","meta":{"_seopress_robots_primary_cat":"","_seopress_titles_title":"","_seopress_titles_desc":"","_seopress_robots_index":"","_et_pb_use_builder":"","_et_pb_old_content":"","_et_gb_content_width":"","inline_featured_image":false,"footnotes":""},"categories":[14,12],"tags":[],"class_list":["post-280021","post","type-post","status-publish","format-standard","has-post-thumbnail","hentry","category-vijesti","category-prica-dana"],"_links":{"self":[{"href":"https:\/\/www.pcnen.com\/portal\/wp-json\/wp\/v2\/posts\/280021","targetHints":{"allow":["GET"]}}],"collection":[{"href":"https:\/\/www.pcnen.com\/portal\/wp-json\/wp\/v2\/posts"}],"about":[{"href":"https:\/\/www.pcnen.com\/portal\/wp-json\/wp\/v2\/types\/post"}],"author":[{"embeddable":true,"href":"https:\/\/www.pcnen.com\/portal\/wp-json\/wp\/v2\/users\/1"}],"replies":[{"embeddable":true,"href":"https:\/\/www.pcnen.com\/portal\/wp-json\/wp\/v2\/comments?post=280021"}],"version-history":[{"count":1,"href":"https:\/\/www.pcnen.com\/portal\/wp-json\/wp\/v2\/posts\/280021\/revisions"}],"predecessor-version":[{"id":280023,"href":"https:\/\/www.pcnen.com\/portal\/wp-json\/wp\/v2\/posts\/280021\/revisions\/280023"}],"wp:featuredmedia":[{"embeddable":true,"href":"https:\/\/www.pcnen.com\/portal\/wp-json\/wp\/v2\/media\/280022"}],"wp:attachment":[{"href":"https:\/\/www.pcnen.com\/portal\/wp-json\/wp\/v2\/media?parent=280021"}],"wp:term":[{"taxonomy":"category","embeddable":true,"href":"https:\/\/www.pcnen.com\/portal\/wp-json\/wp\/v2\/categories?post=280021"},{"taxonomy":"post_tag","embeddable":true,"href":"https:\/\/www.pcnen.com\/portal\/wp-json\/wp\/v2\/tags?post=280021"}],"curies":[{"name":"wp","href":"https:\/\/api.w.org\/{rel}","templated":true}]}}