{"id":279898,"date":"2019-12-14T15:48:52","date_gmt":"2019-12-14T14:48:52","guid":{"rendered":"https:\/\/www.pcnen.com\/portal\/?p=279898"},"modified":"2019-12-14T16:19:02","modified_gmt":"2019-12-14T15:19:02","slug":"papa-potvrdio-da-dogodine-dolazi-u-crnu-goru","status":"publish","type":"post","link":"https:\/\/www.pcnen.com\/portal\/2019\/12\/14\/papa-potvrdio-da-dogodine-dolazi-u-crnu-goru\/","title":{"rendered":"Papa potvrdio da dogodine dolazi u Crnu Goru"},"content":{"rendered":"<p>Papa Franjo je, tokom razgovora sa Markovi\u0107em, \u00a0potvrdio da \u0107e dogodine posjetiti Crnu Goru, zvani\u010dno je saop\u0161teno.<\/p>\n<p>\u201cPosjeta \u0107e biti prilika da premijer Markovi\u0107 obnovi poziv papi Franju da posjeti Crnu Goru, kao i da se razgovara o rezidencijalnom predstavljanju Svete Stolice u Crnoj Gori, te ja\u010danju kulturne saradnje\u201d, navedeno je u saop\u0161tenju Slu\u017ebe za odnose s javno\u0161\u0107u Vlade Crne Gore kojom je posjeta najavljena.<\/p>\n<p>Posjeta dolazi u vrijeme o\u0161tre politi\u010dke konfrontacije u Crnoj Gori oko Vladinog predloga zakona zakona o slobodi vjeroispovijesti, koji je, <a href=\"https:\/\/www.pcnen.com\/portal\/2019\/12\/12\/papa-za-zakon-potrebna-saglasnost-svih-vjerskih-zajednica-u-cg\/\">prema izvorima iz Mitropolije crnogorsko-primorske,<\/a> kritikovao i papa Franjo.<\/p>\n","protected":false},"excerpt":{"rendered":"<p>Predsjednik Vlade Crne Gore Du\u0161ko Markovi\u0107 boravi danas u zvani\u010dnoj posjeti Vatikanu i sastao se sa papom Franjom i dr\u017eavnim sekretarom kadrinalom Pjetrom Parolinom.<\/p>\n","protected":false},"author":1,"featured_media":279915,"comment_status":"open","ping_status":"closed","sticky":false,"template":"","format":"standard","meta":{"_seopress_robots_primary_cat":"","_seopress_titles_title":"","_seopress_titles_desc":"","_seopress_robots_index":"","_et_pb_use_builder":"","_et_pb_old_content":"","_et_gb_content_width":"","inline_featured_image":false,"footnotes":""},"categories":[14,12],"tags":[],"class_list":["post-279898","post","type-post","status-publish","format-standard","has-post-thumbnail","hentry","category-vijesti","category-prica-dana"],"_links":{"self":[{"href":"https:\/\/www.pcnen.com\/portal\/wp-json\/wp\/v2\/posts\/279898","targetHints":{"allow":["GET"]}}],"collection":[{"href":"https:\/\/www.pcnen.com\/portal\/wp-json\/wp\/v2\/posts"}],"about":[{"href":"https:\/\/www.pcnen.com\/portal\/wp-json\/wp\/v2\/types\/post"}],"author":[{"embeddable":true,"href":"https:\/\/www.pcnen.com\/portal\/wp-json\/wp\/v2\/users\/1"}],"replies":[{"embeddable":true,"href":"https:\/\/www.pcnen.com\/portal\/wp-json\/wp\/v2\/comments?post=279898"}],"version-history":[{"count":4,"href":"https:\/\/www.pcnen.com\/portal\/wp-json\/wp\/v2\/posts\/279898\/revisions"}],"predecessor-version":[{"id":279914,"href":"https:\/\/www.pcnen.com\/portal\/wp-json\/wp\/v2\/posts\/279898\/revisions\/279914"}],"wp:featuredmedia":[{"embeddable":true,"href":"https:\/\/www.pcnen.com\/portal\/wp-json\/wp\/v2\/media\/279915"}],"wp:attachment":[{"href":"https:\/\/www.pcnen.com\/portal\/wp-json\/wp\/v2\/media?parent=279898"}],"wp:term":[{"taxonomy":"category","embeddable":true,"href":"https:\/\/www.pcnen.com\/portal\/wp-json\/wp\/v2\/categories?post=279898"},{"taxonomy":"post_tag","embeddable":true,"href":"https:\/\/www.pcnen.com\/portal\/wp-json\/wp\/v2\/tags?post=279898"}],"curies":[{"name":"wp","href":"https:\/\/api.w.org\/{rel}","templated":true}]}}