{"id":279896,"date":"2019-12-14T10:35:59","date_gmt":"2019-12-14T09:35:59","guid":{"rendered":"https:\/\/www.pcnen.com\/portal\/?p=279896"},"modified":"2019-12-14T10:35:59","modified_gmt":"2019-12-14T09:35:59","slug":"ciganka","status":"publish","type":"post","link":"https:\/\/www.pcnen.com\/portal\/2019\/12\/14\/ciganka\/","title":{"rendered":"Ciganka"},"content":{"rendered":"<p><strong>Pi\u0161e: Zlatko Pakovi\u0107<\/strong><\/p>\n<p>\u201ePo komandi Rajhsfirera SS-a od 16. decembra 1942. godine \u2013 Tgb. Nr. I 2652\/42 Ad.\/RF\/V \u2013 Cigani me\u0161anci, Romi-Cigani i pripadnici ciganskih klanova balkanskog porekla koji nemaju nema\u010dke krvi moraju, prema odre\u0111enim uputstvima, biti izdvojeni i upu\u0107eni u koncentracioni logor, u akciji koju treba izvr\u0161iti za nekoliko nedelja.\u201c<\/p>\n<p>Tom zapove\u0161\u0107u Hajnriha Himlera, izdatom dok je leteo avionom, zapo\u010deo je Porajmos, holokaust Roma na podru\u010dju Tre\u0107eg rajha. Nema u Evropi \u017eivog Roma a da mu neko iz familije nije me\u0111u tih, najmanje, pola miliona ubijenih ljudi u desetogodi\u0161njem genocidu Roma 1935-1945. Tako je i sa mnom.<\/p>\n<p>Ja sam ni\u0161ta, a ne ne\u0161to. Nije to moj izbor. To je va\u0161 izbor. Ja sam ni\u0161ta va\u0161eg bivanja. Ni\u0161ta u bivstvovanju Rusa ili Srbina, ni\u0161ta u bitku Nemca ili Hrvata, ni\u0161ta u Bi\u0107u Tur\u010dina ili Bo\u0161njaka, na Zapadu i na Istoku, podjednako na Ostrvu ili preko Laman\u0161a, na Roni i Volgi. Ja sam ni\u0161ta (va\u0161e \u017eelje) koje ni\u0161ti va\u0161a bi\u0107a.<\/p>\n<p>Za\u0161to \u017eelite da sam ni\u0161ta, a ne ne\u0161to, u va\u0161em svetu, u va\u0161em jeziku \u2013 kojim sada, na ovom virtuelnom mestu, govorim, jer ga jedino ovde mogu savladati (i to milo\u0161\u0107u belog mu\u0161karca), a u realnom \u017eivotu ne razumem ni\u0161ta od njega, od tog va\u0161eg hegemonog filozofskog diskursa, u kojem pravdate svoju belu nadmo\u0107 pripadnika evropskih, evroazijskih i balkanskih imperijalnih elita, u srcu \u010dije kulture zjapi Porajmos? Va\u0161i najcenjeniji filozofi moraju stoga biti najpre malogra\u0111ani.<\/p>\n<p>Za\u0161to sam vam radije ni\u0161ta nego ne\u0161to? Zato \u0161to ovakve kao \u0161to sam ja mo\u017eete da ubijate, prodajete u roblje i silujete bez ikakve bojazni da \u0107ete zbog toga odgovarati pred zakonom. Nije to rupa u zakonu, to je zakon u rupi, u crnoj rupi, u kojoj sam ja, sa svim Ciganima, ispod svakog zakona, kao \u0161to su glavni politi\u010dari i poslovni ljudi iznad zakona. Nema nas u ustavima, jer va\u0161 Ustav misli: \u0161ta \u0107e to Ustava nedostojno u Ustavu!<\/p>\n<p>Zato je taj Ustav ni\u0161ta, a republika vam je mrtvo slovo na papiru! Ustav vam je mu\u0161ki, nacionalisti\u010dki, kulturrasisti\u010dki, beli, \u0161ovinisti\u010dki, genocidni, evroatlantski, evroazijski, balkanski ni\u0161tak!<\/p>\n<p>U zakonima budu\u0107e Republike, koja se ukazuje samo kao utopija, \u010diji su za sada samo Romi gra\u0111ani i gra\u0111anke, ne\u0107e stajati nikakvi narodi kao suvereni, nikakve etnije, nego samo \u010covek, dakle, Rom. Podse\u0107am, Rom zna\u010di Insan. Rom je romska re\u010d za \u010coveka. No, mi, Cigani, za vas smo ljudski talog, onaj \u0161ljam koji se jo\u0161 nije dovoljno dresirao da bi u\u0161ao u va\u0161e evropsko-balkanske teftere zakona. Nismo, dakle, ljudi, jer nemamo svoju plja\u010dka\u0161ku religiju, nismo ljudi jer nemamo svoju genocidnu dr\u017eavu. Nismo ljudi jer smo slobodni od religije i dr\u017eave, jer smo slobodni od sveta posedovanja.<\/p>\n<p>Citiram sada velikog francuskog filozofa jevrejskog porekla, od \u010dijih stavova ni\u0161ta u realnom \u017eivotu ne razumem, jer nisam imala nikad priliku da pro\u010ditam ijednu knjigu, niti da idem u kakvu \u0161kolu, a kamoli na univerzitet; ne\u0161to nema\u010dkog jezika, dodu\u0161e, natucam, ali to nije dovoljno ni da \u010ditam konzervativni Die Zeit\u2026 Re\u010d je, dakle, o stavu Emanuela Levinasa, ali, ako se ne varam, mo\u017eemo ga na\u0107i i kod ruskog hri\u0161\u0107anskog personaliste Nikolaja Ber\u0111ajeva, ali i u, vrlo marksisti\u010dkoj, filozofiji sufista: \u201eSvet postojanja zapo\u010dinje tamo gde prestaje svet posedovanja.\u201c<\/p>\n<p>Lepo je to napisao filozof, ali, mislim, da, ipak, o tome istinsko egzistencijalno svedo\u010danstvo \u2013 dakle, neuporedivo istinitije od tekstualnog svedo\u010denja jednog filozofa, zbrinutog na univerzitetskoj katedri \u2013 podastiru upravo totalno obespravljeni Romi.<\/p>\n<p>I jo\u0161 bih dodala, za kraj, kao neku vrstu zaklju\u010dka, jednu misao argentinskog filozofa, na kojeg je zbog delikta slobodnog mi\u0161ljenja izvr\u0161en, sre\u0107om neuspe\u0161an, atentat\u2026 mislim na misao Enrikea Dusela, da je hermeneutika doista odli\u010dna stvar, odli\u010dna egzegetska metoda prou\u010davanja tekstova, ali, pita se on, \u0161ta sa onim poljem egzistencije u kojem ljudi nemaju prilike za sobom da ostave tekst, \u0161ta sa onima koji nemaju priliku da pi\u0161u, ili ne znaju da pi\u0161u, kao \u0161ta ja ne znam da pi\u0161em i \u010ditam?<\/p>\n<p>Zato sam ja ni\u0161ta, a ne ne\u0161to u va\u0161em svetu, koji ho\u0107e da bude jedini od svih svetova. Zato filozofiranje u savremenoj Evropi po\u010dinje od hermeneutike nu\u017enosti \u017eivota Romkinje.<\/p>\n<p>Za Romkinju je i mu\u0161karac Rom hegemon \u2013 ona je ni\u0161ta i u njegovom bivstvovanju, kao \u0161to je on, Rom ni\u0161ta u bivstvovanju jednog balkanskog, jednog evropskog belog prekarnog radnika ili besku\u0107nika, koji je tako\u0111e ni\u0161ta u postojanju svog gazde, kojeg naziva poslodavcem, a ovaj opet ni\u0161ta u postojanju\u2026<\/p>\n<p>Zato sam ja ni\u0161ta, jer je onima koji vladaju va\u017eno da im i sluge imaju sluge, makar u svojim porodicama, da im i robovi imaju robove, makar u svojim porodicama, me\u0111u svojim \u017eenama. A vladati, dragi filozofi, to zna\u010di krasti. \u010citava va\u0161a politi\u010dka ekonomija ma\u0111ioni\u010darska je ve\u0161tina pravdanja te kra\u0111e.<\/p>\n<p>I na kraju, jedno pitanje: kako danas nazivate ovaj tihi Porajmos, ako se uop\u0161te trudite oko njegovog imena? Ono \u0161to nema ime, dakle, ne postoji.<\/p>\n<p><a href=\"https:\/\/www.danas.rs\/kolumna\/zlatko-pakovic\/ciganka\/\">Danas\u00a0\u00a0\u00a0<\/a><\/p>\n","protected":false},"excerpt":{"rendered":"<p>Filozofiranje u savremenoj Evropi po\u010dinje od hermeneutike nu\u017enosti \u017eivota Romkinje.<\/p>\n","protected":false},"author":1,"featured_media":271174,"comment_status":"open","ping_status":"closed","sticky":false,"template":"","format":"standard","meta":{"_seopress_robots_primary_cat":"","_seopress_titles_title":"","_seopress_titles_desc":"","_seopress_robots_index":"","_et_pb_use_builder":"","_et_pb_old_content":"","_et_gb_content_width":"","inline_featured_image":false,"footnotes":""},"categories":[5,12],"tags":[],"class_list":["post-279896","post","type-post","status-publish","format-standard","has-post-thumbnail","hentry","category-drugi-pisu","category-prica-dana"],"_links":{"self":[{"href":"https:\/\/www.pcnen.com\/portal\/wp-json\/wp\/v2\/posts\/279896","targetHints":{"allow":["GET"]}}],"collection":[{"href":"https:\/\/www.pcnen.com\/portal\/wp-json\/wp\/v2\/posts"}],"about":[{"href":"https:\/\/www.pcnen.com\/portal\/wp-json\/wp\/v2\/types\/post"}],"author":[{"embeddable":true,"href":"https:\/\/www.pcnen.com\/portal\/wp-json\/wp\/v2\/users\/1"}],"replies":[{"embeddable":true,"href":"https:\/\/www.pcnen.com\/portal\/wp-json\/wp\/v2\/comments?post=279896"}],"version-history":[{"count":1,"href":"https:\/\/www.pcnen.com\/portal\/wp-json\/wp\/v2\/posts\/279896\/revisions"}],"predecessor-version":[{"id":279897,"href":"https:\/\/www.pcnen.com\/portal\/wp-json\/wp\/v2\/posts\/279896\/revisions\/279897"}],"wp:featuredmedia":[{"embeddable":true,"href":"https:\/\/www.pcnen.com\/portal\/wp-json\/wp\/v2\/media\/271174"}],"wp:attachment":[{"href":"https:\/\/www.pcnen.com\/portal\/wp-json\/wp\/v2\/media?parent=279896"}],"wp:term":[{"taxonomy":"category","embeddable":true,"href":"https:\/\/www.pcnen.com\/portal\/wp-json\/wp\/v2\/categories?post=279896"},{"taxonomy":"post_tag","embeddable":true,"href":"https:\/\/www.pcnen.com\/portal\/wp-json\/wp\/v2\/tags?post=279896"}],"curies":[{"name":"wp","href":"https:\/\/api.w.org\/{rel}","templated":true}]}}