{"id":279671,"date":"2019-12-10T17:50:46","date_gmt":"2019-12-10T16:50:46","guid":{"rendered":"https:\/\/www.pcnen.com\/portal\/?p=279671"},"modified":"2019-12-10T17:50:46","modified_gmt":"2019-12-10T16:50:46","slug":"rat-u-avganistanu-americka-greska-vijeka","status":"publish","type":"post","link":"https:\/\/www.pcnen.com\/portal\/2019\/12\/10\/rat-u-avganistanu-americka-greska-vijeka\/","title":{"rendered":"Rat u Avganistanu ameri\u010dka gre\u0161ka vijeka"},"content":{"rendered":"<p>Va\u0161ington post je, nakon vi\u0161egodi\u0161nje pravne bitke, do\u0161ao do<a href=\"https:\/\/www.washingtonpost.com\/graphics\/2019\/investigations\/afghanistan-papers\/afghanistan-war-confidential-documents\/\"> stotina svjedo\u010denja pred istra\u017eiva\u010dima SIGAR-<\/a>a koja redom oslikavaju koliko la\u017ei, neistina ili poluistina su mnogi zvani\u010dnici poku\u0161avali prodati javnosti, iako su znali da je rat u Avganistanu bio ameri\u010dka gre\u0161ka vijeka, <a href=\"https:\/\/www.express.hr\/top-news\/rat-u-afganistanu-bio-je-greska-stoljeca-objavili-su-dokaze-23909\">prenosi express.hr.<\/a><\/p>\n<p>&#8220;Na\u0161 slu\u017ebeni stav je bio da \u017eelimo stvoriti sna\u017enu centralnu vlast, \u0161to je bilo idiotski jer Avganistan nema istoriju sna\u017ene centralne vlasti. Za takvo \u0161to treba stotinjak godina, a mi nemamo toliko vremena&#8221;, rekao je jedan od ispitanika SIGAR-u.<\/p>\n<p>Intervjuisani svjedoci govore i koliko truda je ulo\u017eeno u &#8220;friziranje brojki&#8221; kako bi se na bilo koji na\u010din pokazalo da SAD pobje\u0111uju u ratu protiv Talibana.<\/p>\n","protected":false},"excerpt":{"rendered":"<p>SAD se po\u010dinju suo\u010davati sa svojim gre\u0161kama u Avganistanu &#8211; objvljeni Avganistanski papiri<\/p>\n","protected":false},"author":1,"featured_media":279672,"comment_status":"open","ping_status":"closed","sticky":false,"template":"","format":"standard","meta":{"_seopress_robots_primary_cat":"","_seopress_titles_title":"","_seopress_titles_desc":"","_seopress_robots_index":"","_et_pb_use_builder":"","_et_pb_old_content":"","_et_gb_content_width":"","inline_featured_image":false,"footnotes":""},"categories":[14,12],"tags":[],"class_list":["post-279671","post","type-post","status-publish","format-standard","has-post-thumbnail","hentry","category-vijesti","category-prica-dana"],"_links":{"self":[{"href":"https:\/\/www.pcnen.com\/portal\/wp-json\/wp\/v2\/posts\/279671","targetHints":{"allow":["GET"]}}],"collection":[{"href":"https:\/\/www.pcnen.com\/portal\/wp-json\/wp\/v2\/posts"}],"about":[{"href":"https:\/\/www.pcnen.com\/portal\/wp-json\/wp\/v2\/types\/post"}],"author":[{"embeddable":true,"href":"https:\/\/www.pcnen.com\/portal\/wp-json\/wp\/v2\/users\/1"}],"replies":[{"embeddable":true,"href":"https:\/\/www.pcnen.com\/portal\/wp-json\/wp\/v2\/comments?post=279671"}],"version-history":[{"count":1,"href":"https:\/\/www.pcnen.com\/portal\/wp-json\/wp\/v2\/posts\/279671\/revisions"}],"predecessor-version":[{"id":279673,"href":"https:\/\/www.pcnen.com\/portal\/wp-json\/wp\/v2\/posts\/279671\/revisions\/279673"}],"wp:featuredmedia":[{"embeddable":true,"href":"https:\/\/www.pcnen.com\/portal\/wp-json\/wp\/v2\/media\/279672"}],"wp:attachment":[{"href":"https:\/\/www.pcnen.com\/portal\/wp-json\/wp\/v2\/media?parent=279671"}],"wp:term":[{"taxonomy":"category","embeddable":true,"href":"https:\/\/www.pcnen.com\/portal\/wp-json\/wp\/v2\/categories?post=279671"},{"taxonomy":"post_tag","embeddable":true,"href":"https:\/\/www.pcnen.com\/portal\/wp-json\/wp\/v2\/tags?post=279671"}],"curies":[{"name":"wp","href":"https:\/\/api.w.org\/{rel}","templated":true}]}}