{"id":279660,"date":"2019-12-10T16:18:58","date_gmt":"2019-12-10T15:18:58","guid":{"rendered":"https:\/\/www.pcnen.com\/portal\/?p=279660"},"modified":"2019-12-10T16:22:23","modified_gmt":"2019-12-10T15:22:23","slug":"mpc-spotom-poziva-vjernike-na-odbranu-svetinja-video","status":"publish","type":"post","link":"https:\/\/www.pcnen.com\/portal\/2019\/12\/10\/mpc-spotom-poziva-vjernike-na-odbranu-svetinja-video\/","title":{"rendered":"MPC spotom poziva vjernike na odbranu svetinja (video)"},"content":{"rendered":"<p>Srpska pravoslavna crkva je napravila video kojim poziva vjerni narod u Crnoj Gori na Svetu liturgiju u Nik\u0161i\u0107u, koju \u0107e slu\u017eiti mitropolit crnogorsko-primorski Amfilohije i vladika budimljansko-nik\u0161i\u0107ki \u0408oanikije 21. decembra u sabornom Hramu Svetog Vasilija Ostro\u0161kog.<\/p>\n<p>Sveta liturgija bi\u0107e odr\u017eana povodom predloga zakona Vlade Crne Gore kojim se planira oduzimanje imovine SPC u Crnoj Gori.<\/p>\n<p>\u201cDa se u susret Bo\u017ei\u0107u zajedno Bogu pomolimo i da pred cijelom javno\u0161\u0107u podignemo glas protiv vapiju\u0107e nepravde koja se na\u0161oj crkvi \u017eeli nametnuti pod vidom zakona o slobodi vjere. Ustanimo zajedni\u010dki protiv otimanja crkava i manastira, skrnavljenja svetinja i grobova na\u0161ih predaka. Da zajedni\u010dki hrabro odbijemo podmukli udar na Srpsku pravoslavnu crkvu, na svetu vjeru na\u0161u i na\u0161ih otaca, na pravoslavlje, da bismo zajedno primili blagoslov Svetog Vasilija Ostro\u0161kog \u010cudotvorca\u201d, stoji u videu SPC, prenosi <a href=\"https:\/\/svetigora.com\/veliki-crkveno-narodni-sabor-niksic-subota-21-decembar\/\">portal svetigora.com.<\/a><\/p>\n<p>Planirano je da <a href=\"https:\/\/www.pcnen.com\/portal\/2019\/12\/05\/vlada-usvojila-predlog-zakona-o-slobodi-vjeroispovijesti-2\/\">se Predlog zakona o slobodi vjeroispovesti<\/a> na dnevnom redu Skup\u0161tine Crne Gore na\u0111e 24. decembra.<\/p>\n<p>Poslanici Demokratske partije socijalista, Bo\u0161nja\u010dke stranke i Socijaldemokratske partije su najavili da \u0107e za njega glasati, a Demokrate tra\u017ee povla\u010denje kontroverznog predloga zakona o slobodi vjeroispovijesti.<\/p>\n<p>&nbsp;<\/p>\n<p>https:\/\/www.youtube.com\/watch?time_continue=88&#038;v=CL1EftDBCwM&#038;feature=emb_logo<\/p>\n","protected":false},"excerpt":{"rendered":"<p>Ustanimo zajedni\u010dki protiv otimanja crkava i manastira, skrnavljenja svetinja i grobova na\u0161ih predaka<\/p>\n","protected":false},"author":1,"featured_media":0,"comment_status":"open","ping_status":"closed","sticky":false,"template":"","format":"standard","meta":{"_seopress_robots_primary_cat":"","_seopress_titles_title":"","_seopress_titles_desc":"","_seopress_robots_index":"","_et_pb_use_builder":"","_et_pb_old_content":"","_et_gb_content_width":"","inline_featured_image":false,"footnotes":""},"categories":[14],"tags":[],"class_list":["post-279660","post","type-post","status-publish","format-standard","hentry","category-vijesti"],"_links":{"self":[{"href":"https:\/\/www.pcnen.com\/portal\/wp-json\/wp\/v2\/posts\/279660","targetHints":{"allow":["GET"]}}],"collection":[{"href":"https:\/\/www.pcnen.com\/portal\/wp-json\/wp\/v2\/posts"}],"about":[{"href":"https:\/\/www.pcnen.com\/portal\/wp-json\/wp\/v2\/types\/post"}],"author":[{"embeddable":true,"href":"https:\/\/www.pcnen.com\/portal\/wp-json\/wp\/v2\/users\/1"}],"replies":[{"embeddable":true,"href":"https:\/\/www.pcnen.com\/portal\/wp-json\/wp\/v2\/comments?post=279660"}],"version-history":[{"count":4,"href":"https:\/\/www.pcnen.com\/portal\/wp-json\/wp\/v2\/posts\/279660\/revisions"}],"predecessor-version":[{"id":279664,"href":"https:\/\/www.pcnen.com\/portal\/wp-json\/wp\/v2\/posts\/279660\/revisions\/279664"}],"wp:attachment":[{"href":"https:\/\/www.pcnen.com\/portal\/wp-json\/wp\/v2\/media?parent=279660"}],"wp:term":[{"taxonomy":"category","embeddable":true,"href":"https:\/\/www.pcnen.com\/portal\/wp-json\/wp\/v2\/categories?post=279660"},{"taxonomy":"post_tag","embeddable":true,"href":"https:\/\/www.pcnen.com\/portal\/wp-json\/wp\/v2\/tags?post=279660"}],"curies":[{"name":"wp","href":"https:\/\/api.w.org\/{rel}","templated":true}]}}