{"id":279655,"date":"2019-12-10T15:12:35","date_gmt":"2019-12-10T14:12:35","guid":{"rendered":"https:\/\/www.pcnen.com\/portal\/?p=279655"},"modified":"2019-12-10T15:12:35","modified_gmt":"2019-12-10T14:12:35","slug":"demokrate-traze-povlacenje-kontroverznog-predloga-zakona-o-slobodi-vjeroispovijesti","status":"publish","type":"post","link":"https:\/\/www.pcnen.com\/portal\/2019\/12\/10\/demokrate-traze-povlacenje-kontroverznog-predloga-zakona-o-slobodi-vjeroispovijesti\/","title":{"rendered":"Demokrate tra\u017ee povla\u010denje kontroverznog predloga zakona o slobodi vjeroispovijesti"},"content":{"rendered":"<p>Predstavnici Demokratske Crne Gore (Demokrate) ne\u0107e u\u010destvovati na sjednicama Odbora za sveobuhvatnu reformu izbornog i drugog zakonodavstva dok Demokratska partija socijalista (DPS) ne povu\u010de sa dnevnog reda Predlog zakona o slobodi vjeroispovijesti i ne po\u010dne dijalog sa tri tradicionalne konfesije u Crnoj Gori.<\/p>\n<p>Ovo je danas poru\u010dio lider Demokrata Aleksa Be\u010di\u0107, navode\u0107i da predla\u017ee i odga\u0111anje izbora sve dok se, kako je rekao, \u201cne stvore uslovi za fer, slobodne i po\u0161tene izbore\u201d.<\/p>\n<p>\u201cJer izbore mo\u017eemo odlo\u017eiti, ali nove podjele ne smijemo dozvoliti\u201d, poru\u010dio je Be\u010di\u0107, prenosi agencija Mina.<\/p>\n<p>On je ocijenio da aktuelni Predlog zakona o slobodi vjeroispovijesti unosi razdor i podjele, da nije usagla\u0161en sa onima na koje se dominantno odnosi, a to su tadicionalne crkve i vjerske zajednice u Crnoj Gori, i da nije prihvatljiv Demokratama.<\/p>\n<p>\u201cMi \u010duvamo i hramove, i d\u017eamije i katedrale, i Kuran i Bibliju, i Bo\u017ei\u0107, i Bajram, i Svetog Vasilija, i Svetog Leopolda, i vjernika, i ateistu, mi smatramo da je udar na jednog udar na sve, zato smo mi uvijek bili bra\u0107a, zato jesmo bra\u0107a i zato \u0107emo biti bra\u0107a\u201d, poru\u010dio je Be\u010di\u0107.<\/p>\n<p>On je kazao da je aktuelna vlast svjesna da je me\u0111unarodna zajednica istrajna da se do\u0111e do po\u0161tenih izbora, da je opozicija zavr\u0161ila svoj dio posla i predlo\u017eila 16 zakonskih projekata i oko 200 rje\u0161enja, da nema odgovor na predlo\u017eena rje\u0161enja i da ne zna kako da odbije Predlog zakona o Vladi.<\/p>\n<p>Be\u0107i\u0107 je rekao da zato aktuelna vlast pose\u017ee ponovo za podjelama.<\/p>\n<p>\u201cNjihove izborne reforme nijesu izborni zakoni, ve\u0107 duboke izborne podjele na vjere i nacije, pa su tako na katoli\u010dki Badnji dan, 24. decembra predlo\u017eili da Skup\u0161tina razmatra Zakon o slobodi vjeroispovijesti, kojeg nijesu podr\u017eale sve tri tradicionalne konfesije u Crnoj Gori\u201d, rekao je Be\u010di\u0107.<\/p>\n<p>On je kazao da vlast takvim porukama \u017eeli da \u010destita \u201cgra\u0111anima novogodi\u0161nje i bo\u017ei\u0107ne praznike, da praznike mira, bratske ljubavi i bratske sloge, pretvori u dane razdora, nesloge i podjela\u201d.<\/p>\n<p>\u201cZato je iluzorno o\u010dekivati da u takvoj atmosferi radimo na izbornim reformama i raspravljamo o izbornim zakonima\u201d, poru\u010dio je Be\u010di\u0107.<\/p>\n","protected":false},"excerpt":{"rendered":"<p>Izbore mo\u017eemo odlo\u017eiti, ali nove podjele ne smijemo dozvoliti\u201d, poru\u010dio je lider Demokrata Aleksa Be\u010di\u0107,<\/p>\n","protected":false},"author":1,"featured_media":279656,"comment_status":"open","ping_status":"closed","sticky":false,"template":"","format":"standard","meta":{"_seopress_robots_primary_cat":"","_seopress_titles_title":"","_seopress_titles_desc":"","_seopress_robots_index":"","_et_pb_use_builder":"","_et_pb_old_content":"","_et_gb_content_width":"","inline_featured_image":false,"footnotes":""},"categories":[14,12],"tags":[],"class_list":["post-279655","post","type-post","status-publish","format-standard","has-post-thumbnail","hentry","category-vijesti","category-prica-dana"],"_links":{"self":[{"href":"https:\/\/www.pcnen.com\/portal\/wp-json\/wp\/v2\/posts\/279655","targetHints":{"allow":["GET"]}}],"collection":[{"href":"https:\/\/www.pcnen.com\/portal\/wp-json\/wp\/v2\/posts"}],"about":[{"href":"https:\/\/www.pcnen.com\/portal\/wp-json\/wp\/v2\/types\/post"}],"author":[{"embeddable":true,"href":"https:\/\/www.pcnen.com\/portal\/wp-json\/wp\/v2\/users\/1"}],"replies":[{"embeddable":true,"href":"https:\/\/www.pcnen.com\/portal\/wp-json\/wp\/v2\/comments?post=279655"}],"version-history":[{"count":1,"href":"https:\/\/www.pcnen.com\/portal\/wp-json\/wp\/v2\/posts\/279655\/revisions"}],"predecessor-version":[{"id":279657,"href":"https:\/\/www.pcnen.com\/portal\/wp-json\/wp\/v2\/posts\/279655\/revisions\/279657"}],"wp:featuredmedia":[{"embeddable":true,"href":"https:\/\/www.pcnen.com\/portal\/wp-json\/wp\/v2\/media\/279656"}],"wp:attachment":[{"href":"https:\/\/www.pcnen.com\/portal\/wp-json\/wp\/v2\/media?parent=279655"}],"wp:term":[{"taxonomy":"category","embeddable":true,"href":"https:\/\/www.pcnen.com\/portal\/wp-json\/wp\/v2\/categories?post=279655"},{"taxonomy":"post_tag","embeddable":true,"href":"https:\/\/www.pcnen.com\/portal\/wp-json\/wp\/v2\/tags?post=279655"}],"curies":[{"name":"wp","href":"https:\/\/api.w.org\/{rel}","templated":true}]}}