{"id":279585,"date":"2019-12-09T14:22:46","date_gmt":"2019-12-09T13:22:46","guid":{"rendered":"https:\/\/www.pcnen.com\/portal\/?p=279585"},"modified":"2020-03-01T16:05:54","modified_gmt":"2020-03-01T15:05:54","slug":"savjet-rtcg-ostro-osudio-urednistvo-tvcg","status":"publish","type":"post","link":"https:\/\/www.pcnen.com\/portal\/2019\/12\/09\/savjet-rtcg-ostro-osudio-urednistvo-tvcg\/","title":{"rendered":"Savjet RTCG o\u0161tro osudio uredni\u0161tvo TVCG"},"content":{"rendered":"<p>\u201cSavjet, iz objektivnih razloga, nije bio u prilici da se sastane i da ranije javno saop\u0161ti svoj stav. Smatramo i da je va\u017eno da u ovakvim situacijama kreiramo i saop\u0161tavamo zajedni\u010dki stav. Istog dana kada su drugi mediji objavili vijest a RTCG nije, predsjednik Savjeta zvani\u010dno je zatra\u017eio izja\u0161njenje menad\u017ementa.<\/p>\n<p>Po\u0161to su osnovne \u010dinjenice u vezi sa postupkom poznate, Savjet ih ovom prilikom ne\u0107e ponavljati. Radi pune istine i u interesu javnosti, Savjet saop\u0161tava da su od samog saznanja o incidentu, apsolutno svi \u010dlanovi Savjeta, u me\u0111usobnoj elektronskoj prepisci, izrazili ogor\u010denje zbog toga \u0161to RTCG nije na vrijeme objavio pomenutu informaciju. Savjet zaista ne razumije za\u0161to uredni\u0161tvo RTCG nije to u\u010dinilo. Nedopustivim ka\u0161njenjem u emitovanju informacije, \u0161tovi\u0161e, napravili su \u0161tetu i po ko zna koji put protiv sebe okrenuli ina\u010de senzibilnu javnost na ure\u0111iva\u010dku politiku javnog medijskog servisa.<\/p>\n<p>Takav postupak RTCG, moramo re\u0107i, nanio je \u0161tetu i Savjetu koji od samog konstituisanja insistira na profesionalizmu. Ovim povodom Savjet podsje\u0107a da je jo\u0161 prije tri mjeseca usvojio Principe razvoja RTCG koji sadr\u017ee i nekoliko principa i stavova o ure\u0111iva\u010dkoj politici, sa direktnim zahtjevom uredni\u0161tvu da RTCG da ne mo\u017ee i ne smije zaobilaziti bilo kakve informacije od javnog interesa.<\/p>\n<p>Izri\u010dito smo tra\u017eili da RTCG mora biti prva u objavljivanju svih informacija od interesa za javnost i da je nedopustiva bilo koja vrsta opstrukcije u tom smislu. Stoga, i nema potrebe da se Savjet uvijek posebno izja\u0161njava u ovakvim i sli\u010dnim situacijama. Savjet nema \u0161ta da doda svom ranije usvojenom stavu ni u vezi sa najnovijim incidentom. Stav Savjeta je da je neprihvatljivo bilo kakvo parcijalno politi\u010dko dizajniranje informacija koje objavljuje RTCG.<\/p>\n<p>Uredni\u0161tva RTCG su se, pak, oglu\u0161ila o pravila profesionalizma i stavove Savjeta. I da bude jo\u0161 gore, RTCG je u nastavku informisanja u vezi sa pomenutim incidentom u TC Delta, napravila nove gre\u0161ke, \u010dak i na \u0161tetu sopstvenog dostojanstva. Da li se i u ovom slu\u010daju \u010dekalo na provjeru vjerodostojnosti? Ako da, da li je provjera bila uspje\u0161na? Ako ne, za\u0161to niste konzistentni? Smatramo i da ovo nedoli\u010dno i neadekvatno pona\u0161anje mora prestati. Savjet je od po\u010detka pru\u017eio ruku pune, otvorene, saradnje menad\u017ementu RTCG. Ali to podrazumijeva i posebnu odgovornost i senzibilitet menad\u017ementa i uredni\u0161tva. U tom smislu, Savjet \u0107e zahtijevati utvr\u0111ivanje odgovornosti za u\u010dinjene propuste.<\/p>\n<p>Savjet staje i u odbranu RTCG od neumjesnih, \u010dak, ostra\u0161\u0107enih, napada, pa i kleveta na ra\u010dun javnog medijskog servisa, \u010dega ima i ovih dana, ali ne\u0107e svoj kredibilitet stavljati u slu\u017ebu neprofesionalizma i odluka koje nije donio. \u010clanovi Savjeta smatraju da imaju obavezu da kritikuju sve propuste ali i da imaju obavezu da za\u0161tite RTCG i zaposlene od zlonamjernih komentara. Podsje\u0107amo da smo u potpunosti otvoreni za sve opravdane kritike koje su dobrodo\u0161le i koje \u0107emo koristiti za unaprije\u0111enje RTCG. Istovremeno, podsje\u0107amo i da u RTCG ima mnogo profesionalaca i \u010dasnih pojedinaca koje, tako\u0111e, moramo \u0161tititi. Smatramo i da oni koji naprave nenamjerne profesionalne propuste nisu ne\u010dasni posebno je ne prihvatamo generalizacije. Naprotiv, podr\u017eavamo individualizaciju uspjeha i odgovornosti.<\/p>\n<p>Primarna uloga Savjeta je da se bavi ulogom javnog servisa, da se brine o njegovom programu i nije mu zadatak da se izja\u0161njava o svemu \u0161to se de\u0161ava na politi\u010dko-medijskoj sceni Crne Gore.<\/p>\n<p>Naravno, ne treba ni isticati da se Savjet najodlu\u010dnije zauzima za potpuno po\u0161tovanje i za\u0161titu profesionalnog integriteta medija i novinara i u tom smislu osu\u0111uje sve postupke koji su upereni protiv tih vrijednosti demokratskog dru\u0161tva i za\u0161tite pojedinca.\u201d<\/p>\n<p><a href=\"https:\/\/www.pcnen.com\/portal\/2019\/12\/08\/otasevic-neka-tvcg-kaze-ko-im-je-dostavio-snimak\/\">Ota\u0161evi\u0107: Neka TVCG ka\u017ee ko im je dostavio snimak<\/a><\/p>\n<p><a href=\"https:\/\/www.pcnen.com\/portal\/2019\/12\/07\/radovic-i-jokic-traze-izvinjenje-i-odgovornost-rtcg\/\">Radovi\u0107 i Joki\u0107 tra\u017ee izvinjenje i odgovornost<\/a><\/p>\n<p><a href=\"https:\/\/www.pcnen.com\/portal\/2019\/12\/07\/objavljen-novi-snimak-napada-na-novinara-otasevica\/\">Objavljen novi snimak napada na novinara Ota\u0161evi\u0107a<\/a><\/p>\n<p><a href=\"https:\/\/www.pcnen.com\/portal\/2019\/12\/06\/otasevic-tvcg-prikazala-samo-dio-snimka-incidenta\/\">Ota\u0161evi\u0107: TVCG prikazala samo dio snimka incidenta<\/a><\/p>\n<p><a href=\"https:\/\/www.pcnen.com\/portal\/2019\/12\/05\/otasevic-saslusan-kao-svjedok-a-ne-kao-osteceni\/\">Ota\u0161evi\u0107 saslu\u0161an kao svjedok, a ne kao o\u0161te\u0107eni<\/a><\/p>\n<p><a href=\"https:\/\/www.pcnen.com\/portal\/2019\/12\/04\/biznismenov-tjelohranitelj-udario-novinara-lista-dan\/\">Biznismenov tjelohranitelj udario novinara lista Dan<\/a><\/p>\n","protected":false},"excerpt":{"rendered":"<p>Savjet RTCG je \u201cnajo\u0161trije\u201d osudio na\u010din na koji se uredni\u0161tvo TVCG odnijelo prema incident u kome je, u TC \u2018Delta\u2019 verbalno I fizi\u010dki napadnut novinar dnevnika Dan Vladimir Ota\u0161evi\u0107, kvalifikuju\u0107i to kao \u201cneprofesionalan postupak RTCG\u201d.<\/p>\n","protected":false},"author":1,"featured_media":0,"comment_status":"open","ping_status":"closed","sticky":false,"template":"","format":"standard","meta":{"_seopress_robots_primary_cat":"","_seopress_titles_title":"","_seopress_titles_desc":"","_seopress_robots_index":"","_et_pb_use_builder":"","_et_pb_old_content":"","_et_gb_content_width":"","inline_featured_image":false,"footnotes":""},"categories":[14,12],"tags":[],"class_list":["post-279585","post","type-post","status-publish","format-standard","hentry","category-vijesti","category-prica-dana"],"_links":{"self":[{"href":"https:\/\/www.pcnen.com\/portal\/wp-json\/wp\/v2\/posts\/279585","targetHints":{"allow":["GET"]}}],"collection":[{"href":"https:\/\/www.pcnen.com\/portal\/wp-json\/wp\/v2\/posts"}],"about":[{"href":"https:\/\/www.pcnen.com\/portal\/wp-json\/wp\/v2\/types\/post"}],"author":[{"embeddable":true,"href":"https:\/\/www.pcnen.com\/portal\/wp-json\/wp\/v2\/users\/1"}],"replies":[{"embeddable":true,"href":"https:\/\/www.pcnen.com\/portal\/wp-json\/wp\/v2\/comments?post=279585"}],"version-history":[{"count":6,"href":"https:\/\/www.pcnen.com\/portal\/wp-json\/wp\/v2\/posts\/279585\/revisions"}],"predecessor-version":[{"id":285294,"href":"https:\/\/www.pcnen.com\/portal\/wp-json\/wp\/v2\/posts\/279585\/revisions\/285294"}],"wp:attachment":[{"href":"https:\/\/www.pcnen.com\/portal\/wp-json\/wp\/v2\/media?parent=279585"}],"wp:term":[{"taxonomy":"category","embeddable":true,"href":"https:\/\/www.pcnen.com\/portal\/wp-json\/wp\/v2\/categories?post=279585"},{"taxonomy":"post_tag","embeddable":true,"href":"https:\/\/www.pcnen.com\/portal\/wp-json\/wp\/v2\/tags?post=279585"}],"curies":[{"name":"wp","href":"https:\/\/api.w.org\/{rel}","templated":true}]}}