{"id":279571,"date":"2019-12-09T12:16:19","date_gmt":"2019-12-09T11:16:19","guid":{"rendered":"https:\/\/www.pcnen.com\/portal\/?p=279571"},"modified":"2019-12-09T12:44:10","modified_gmt":"2019-12-09T11:44:10","slug":"rusija-suspendovana-sa-medunarodnih-takmicenja","status":"publish","type":"post","link":"https:\/\/www.pcnen.com\/portal\/2019\/12\/09\/rusija-suspendovana-sa-medunarodnih-takmicenja\/","title":{"rendered":"Rusija suspendovana sa me\u0111unarodnih takmi\u010denja"},"content":{"rendered":"<p>Na ovaj na\u010din Rusija je izgubila i pravo da organizuje me\u0111unarodna sportska takmi\u010denja i podnosi zahtjeve za njihovu organizaciju. Sportisti ne mogu da u\u010destvuju na olimpijskim i svjetskim prvenstvima pod nacionalnom zastavom.<\/p>\n<p><a href=\"https:\/\/www.wada-ama.org\/en\/media\/news\/2019-12\/wada-executive-committee-unanimously-endorses-four-year-period-of-non-compliance\">Izvr\u0161ni komitet WADA<\/a> je uveo \u010detvorogodi\u0161nju zabranu u\u010destvovanja na me\u0111unarodnim svjetskim doga\u0111ajima rukovodstvu Olimpijskog i Paraolimpijskog komiteta Rusije.<\/p>\n<p>Odr\u017eavanje utakmica Evropskog prvenstva u fudbalu i Univerzijade malo je vjerovatno da c\u0301e biti otkazano, po\u0161to je te\u0161ko vratiti tok organizacije tog doga\u0111aja, izjavio je prvi zamjenik predsjednika komiteta Dr\u017eavne dume za me\u0111unarodne poslove Svetlana \u017durova.<\/p>\n<p>Ona je dodala da je dr\u017eava vec\u0301 izvr\u0161ila sva plac\u0301anja, a sa pravne ta\u010dke gledi\u0161ta svi ugovori su zaklju\u010deni, prenosi Sputnjik.<\/p>\n<p>Evropski \u0161ampionat u fudbalu treba da se odr\u017ei 2020. godine, a Univerzijada 2023. godine.<\/p>\n<p>Preporuke VADA za Rusiju ne ti\u010du se omladinskih Olimpijskih igara sledec\u0301e godine u Lozani.<\/p>\n","protected":false},"excerpt":{"rendered":"<p>Izvr\u0161ni komitet Svjetske antidoping agencija (WADA) je jednoglasno odlu\u010dio da suspenduje Rusiju sa svih me\u0111unarodnih takmi\u010denja, prenosi Sputnjik.<\/p>\n","protected":false},"author":1,"featured_media":279572,"comment_status":"open","ping_status":"closed","sticky":false,"template":"","format":"standard","meta":{"_seopress_robots_primary_cat":"","_seopress_titles_title":"","_seopress_titles_desc":"","_seopress_robots_index":"","_et_pb_use_builder":"","_et_pb_old_content":"","_et_gb_content_width":"","inline_featured_image":false,"footnotes":""},"categories":[14,12],"tags":[],"class_list":["post-279571","post","type-post","status-publish","format-standard","has-post-thumbnail","hentry","category-vijesti","category-prica-dana"],"_links":{"self":[{"href":"https:\/\/www.pcnen.com\/portal\/wp-json\/wp\/v2\/posts\/279571","targetHints":{"allow":["GET"]}}],"collection":[{"href":"https:\/\/www.pcnen.com\/portal\/wp-json\/wp\/v2\/posts"}],"about":[{"href":"https:\/\/www.pcnen.com\/portal\/wp-json\/wp\/v2\/types\/post"}],"author":[{"embeddable":true,"href":"https:\/\/www.pcnen.com\/portal\/wp-json\/wp\/v2\/users\/1"}],"replies":[{"embeddable":true,"href":"https:\/\/www.pcnen.com\/portal\/wp-json\/wp\/v2\/comments?post=279571"}],"version-history":[{"count":5,"href":"https:\/\/www.pcnen.com\/portal\/wp-json\/wp\/v2\/posts\/279571\/revisions"}],"predecessor-version":[{"id":279577,"href":"https:\/\/www.pcnen.com\/portal\/wp-json\/wp\/v2\/posts\/279571\/revisions\/279577"}],"wp:featuredmedia":[{"embeddable":true,"href":"https:\/\/www.pcnen.com\/portal\/wp-json\/wp\/v2\/media\/279572"}],"wp:attachment":[{"href":"https:\/\/www.pcnen.com\/portal\/wp-json\/wp\/v2\/media?parent=279571"}],"wp:term":[{"taxonomy":"category","embeddable":true,"href":"https:\/\/www.pcnen.com\/portal\/wp-json\/wp\/v2\/categories?post=279571"},{"taxonomy":"post_tag","embeddable":true,"href":"https:\/\/www.pcnen.com\/portal\/wp-json\/wp\/v2\/tags?post=279571"}],"curies":[{"name":"wp","href":"https:\/\/api.w.org\/{rel}","templated":true}]}}