{"id":279539,"date":"2019-12-08T20:56:37","date_gmt":"2019-12-08T19:56:37","guid":{"rendered":"https:\/\/www.pcnen.com\/portal\/?p=279539"},"modified":"2019-12-08T20:56:37","modified_gmt":"2019-12-08T19:56:37","slug":"otasevic-neka-tvcg-kaze-ko-im-je-dostavio-snimak","status":"publish","type":"post","link":"https:\/\/www.pcnen.com\/portal\/2019\/12\/08\/otasevic-neka-tvcg-kaze-ko-im-je-dostavio-snimak\/","title":{"rendered":"Ota\u0161evi\u0107: Neka TVCG ka\u017ee ko im je dostavio snimak"},"content":{"rendered":"<p>Novinar dnevnika Dan Vladimir Ota\u0161evi\u0107 je najavio ve\u010deras, reaguju\u0107i na <a href=\"http:\/\/www.rtcg.me\/vijesti\/drustvo\/261685\/snimak-objavili-onako-kako-smo-ga-dobili.html\">saop\u0161tenje Uredni\u0161tva TVCG<\/a> povodom objavljivanja montiranog video snimka napada na njega od strane tjelohranitelja biznismena Zorana Ba\u0107irovi\u0107a, da \u0107e se \u201cza po\u010detak obratiti Komisiji za \u017ealbe, Savjetu RTCG i Agenciji za elektronske medije\u201d kako bi \u201cza\u0161titio svoja prava\u201d.<\/p>\n<p>\u201cRTCG je zbog brutalne neistine koju je objavila du\u017ena da ka\u017ee ko joj je dostavio snimak jer se ne radi o izvoru ve\u0107 manipulatoru koji ima za cilj da obanjuje javnost. Ukoliko uredni\u0161tvo RTCG to ne u\u010dini, bi\u0107e svima jasno da ono stoji iza montiranja snimka i zloupotrebe novinarske profesije\u201d, ocijenio je Ota\u0161evi\u0107.<\/p>\n<p>On u reagovanju ka\u017ee da \u201cnaknadna pamet i izgovori uredni\u0161tva RTCG ne umanjuju njihovu odgovornost za neeti\u010dko i neprofesionalno izvje\u0161tavanje i zlu namjeru\u201d, konstatuju\u0107i da za ovakvu njegovu ocjenu \u201cpostoje brojni dokazi\u201d.<\/p>\n<p>\u201cNaime, prije objavljivanja snimka moj urednik Nikola Markovi\u0107 vi\u0161e puta je u javnosti saop\u0161tio da je odgledao snimak te da se na njemu vidi kako se Mijatovi\u0107 nakon prvog dijela napada na mene vratio i udario me ramenom. To je objavila TV Vijesti i Dan. Uredni\u0161tvu RTCG to nije bilo dovoljno da provjeri snimak koji je objavila jer na materijalu koji su emitovali tog dijela nema. Nijesu \u010dak ni pozvali ni mene ni Nikolu Markovi\u0107a prije emitovanja snimka. Dana\u0161nji kompletni snimak koji je objelodanjen potvr\u0111uje da je u pitanju o\u010dit primjer zloupotrebe Javnog servisa, a da stvar bude gora nijesu imali ni elementarne profesionalne etike da se nakon brutalne manipulacije makar izvinu. \u0160ta vi\u0161e, i dalje istrajavaju u stavu koji vrije\u0111a i mene i cjelokupnu javnost\u201d, kazao je Ota\u0161evi\u0107.<\/p>\n<p>Ota\u0161evi\u0107a je u trgovinskom centru \u2018Delta\u2019 verbalno i fizi\u010dki napao Mladen Mijatovi\u0107, slu\u017ebenik MUP i navodni tjelohranitelj biznismena Zorana \u0106o\u0107a Be\u0107irovi\u0107a. To je u\u010dinio kad je vidio da Ota\u0161evi\u0107 poku\u0161ava da fotografi\u0161e Be\u0107irovi\u0107a koji je bio u dru\u0161tvu vi\u0161eg dr\u017eavnog tu\u017eioca Milo\u0161a \u0160o\u0161ki\u0107a.<\/p>\n<p><iframe loading=\"lazy\" title=\"Necenzurisani snimak napada na novinara &quot;Dana&quot; Vladimira Ota\u0161evi\u0107a\" width=\"1080\" height=\"608\" src=\"https:\/\/www.youtube.com\/embed\/ICdbaJbZBX8?feature=oembed\" frameborder=\"0\" allow=\"accelerometer; autoplay; clipboard-write; encrypted-media; gyroscope; picture-in-picture; web-share\" allowfullscreen><\/iframe><\/p>\n<p>\u0160o\u0161ki\u0107 je napad na novinara mirno posmatrao sa bliskog rastojanja.<\/p>\n<p>Be\u0107irovi\u0107 je nekoliko dana prije ovoga incidenta bio pritvoren zbog navodnih prijetnji sudskom vje\u0161taku.<\/p>\n","protected":false},"excerpt":{"rendered":"<p>&#8220;Ukoliko uredni\u0161tvo RTCG to ne u\u010dini, bi\u0107e svima jasno da ono stoji iza montiranja snimka i zloupotrebe novinarske profesije\u201d.<\/p>\n","protected":false},"author":1,"featured_media":279426,"comment_status":"open","ping_status":"closed","sticky":false,"template":"","format":"standard","meta":{"_seopress_robots_primary_cat":"","_seopress_titles_title":"","_seopress_titles_desc":"","_seopress_robots_index":"","_et_pb_use_builder":"","_et_pb_old_content":"","_et_gb_content_width":"","inline_featured_image":false,"footnotes":""},"categories":[14,12],"tags":[],"class_list":["post-279539","post","type-post","status-publish","format-standard","has-post-thumbnail","hentry","category-vijesti","category-prica-dana"],"_links":{"self":[{"href":"https:\/\/www.pcnen.com\/portal\/wp-json\/wp\/v2\/posts\/279539","targetHints":{"allow":["GET"]}}],"collection":[{"href":"https:\/\/www.pcnen.com\/portal\/wp-json\/wp\/v2\/posts"}],"about":[{"href":"https:\/\/www.pcnen.com\/portal\/wp-json\/wp\/v2\/types\/post"}],"author":[{"embeddable":true,"href":"https:\/\/www.pcnen.com\/portal\/wp-json\/wp\/v2\/users\/1"}],"replies":[{"embeddable":true,"href":"https:\/\/www.pcnen.com\/portal\/wp-json\/wp\/v2\/comments?post=279539"}],"version-history":[{"count":1,"href":"https:\/\/www.pcnen.com\/portal\/wp-json\/wp\/v2\/posts\/279539\/revisions"}],"predecessor-version":[{"id":279540,"href":"https:\/\/www.pcnen.com\/portal\/wp-json\/wp\/v2\/posts\/279539\/revisions\/279540"}],"wp:featuredmedia":[{"embeddable":true,"href":"https:\/\/www.pcnen.com\/portal\/wp-json\/wp\/v2\/media\/279426"}],"wp:attachment":[{"href":"https:\/\/www.pcnen.com\/portal\/wp-json\/wp\/v2\/media?parent=279539"}],"wp:term":[{"taxonomy":"category","embeddable":true,"href":"https:\/\/www.pcnen.com\/portal\/wp-json\/wp\/v2\/categories?post=279539"},{"taxonomy":"post_tag","embeddable":true,"href":"https:\/\/www.pcnen.com\/portal\/wp-json\/wp\/v2\/tags?post=279539"}],"curies":[{"name":"wp","href":"https:\/\/api.w.org\/{rel}","templated":true}]}}