{"id":279513,"date":"2019-12-08T11:43:11","date_gmt":"2019-12-08T10:43:11","guid":{"rendered":"https:\/\/www.pcnen.com\/portal\/?p=279513"},"modified":"2019-12-08T13:06:25","modified_gmt":"2019-12-08T12:06:25","slug":"sarajevo-i-danas-medu-najzagednijim-gradovima-na-svijetu","status":"publish","type":"post","link":"https:\/\/www.pcnen.com\/portal\/2019\/12\/08\/sarajevo-i-danas-medu-najzagednijim-gradovima-na-svijetu\/","title":{"rendered":"Sarajevo i danas me\u0111u najzage\u0111nijim gradovima na svijetu"},"content":{"rendered":"<p>U Sarajevu je i drugog dana vikenda vazduh okarakterisan kao opasan. Prema podacima internet stranice Zrak.ekoakcija indeks kvaliteta vazduha iznosio je 342.<\/p>\n<p>Podaci AirVisual-a, glavni grad BiH nalazi se me\u0111u prvih 10 najzaga\u0111enijih glavnih gradova na svijetu.<\/p>\n<p>U Kantonu Sarajevo od 7. decembra zbog zaga\u0111enja zraka na snazi epizoda &#8220;upozorenje&#8221; koja uklju\u010duje niz zabrana i ograni\u010denja u gradu i okolini.<\/p>\n<p>Zdravstveni radnici u ovakvim i sli\u010dnim situacijama savjetuju gra\u0111anima da ne napu\u0161taju domove bez prijeke potrebe, \u0161to se posebno odnosi na plu\u0107ne bolesnike. Najugro\u017eenija kategorije stanovni\u0161tva su trudnice, stara lica i djeca, te osobe sa respiratornim i sr\u010danim problemima kojima se preporu\u010duje da ostanu u zatvorenom, prenosi RSE.<\/p>\n<p>Sarajevska policija ve\u0107 preduzima mjere nakon \u0161to je Vlada Kantona Sarajevo na vanrednoj sjednici proglasila epizodu &#8220;Upozorenje&#8221; zbog pogor\u0161anja zaga\u0111enosti zraka.<\/p>\n<p>Me\u0111u nizom mjera dvije se odnose na saobra\u0107aj. U zoni A, a koja podrazumijeva op\u0107ine Stari Grad, Centar, Novi Grad, Novo Sarajevo i Ilid\u017ea ispod 700 metara nadmorske visine uvodi se zabrana kretanja automobila i teretnih vozila, \u010diji dizel motori imaju normu EURO 2 i manju.<\/p>\n<p>Tako\u0111e je nalo\u017eena zabrana saobra\u0107aja za teretna motorna vozila, \u010dija je najve\u0107a dozvoljena masa prelazi 3,5 tone glavnom gradskom longitudinalnom na potezu od Ba\u0161\u010dar\u0161ije do Ned\u017eari\u0107a sa preusmjerenjem saobra\u0107aja na alternativne pravce kretanja.<\/p>\n<p>Kada je u pitanju kvaliteta zraka u drugim bosanskohercegova\u010dkim gradovima i op\u0161tinama, prednja\u010di Zenica, gdje je vazduh okarakterisan kao nezdrav sa indeksom kvaliteta 190, slijede Ilija\u0161 sa indeksom 185 i Lukavac 154.<\/p>\n<p>Vazduh je umjereno zaga\u0111en u Tuzli sa indeksom 81.<\/p>\n<p>\u0160to se ti\u010de regije, Beograd je jutros ne\u0161to bolji od Sarajeva i nalazi se na 11. mjestu najzaga\u0111enijih gradova, Skoplje je na 21., a Pri\u0161tina na 26. mjestu.<\/p>\n","protected":false},"excerpt":{"rendered":"<p>U Kantonu Sarajevo od 7. decembra zbog zaga\u0111enja zraka na snazi epizoda &#8220;upozorenje&#8221; koja uklju\u010duje niz zabrana i ograni\u010denja u gradu i okolini<\/p>\n","protected":false},"author":1,"featured_media":276830,"comment_status":"open","ping_status":"closed","sticky":false,"template":"","format":"standard","meta":{"_seopress_robots_primary_cat":"","_seopress_titles_title":"","_seopress_titles_desc":"","_seopress_robots_index":"","_et_pb_use_builder":"","_et_pb_old_content":"","_et_gb_content_width":"","inline_featured_image":false,"footnotes":""},"categories":[14,12],"tags":[],"class_list":["post-279513","post","type-post","status-publish","format-standard","has-post-thumbnail","hentry","category-vijesti","category-prica-dana"],"_links":{"self":[{"href":"https:\/\/www.pcnen.com\/portal\/wp-json\/wp\/v2\/posts\/279513","targetHints":{"allow":["GET"]}}],"collection":[{"href":"https:\/\/www.pcnen.com\/portal\/wp-json\/wp\/v2\/posts"}],"about":[{"href":"https:\/\/www.pcnen.com\/portal\/wp-json\/wp\/v2\/types\/post"}],"author":[{"embeddable":true,"href":"https:\/\/www.pcnen.com\/portal\/wp-json\/wp\/v2\/users\/1"}],"replies":[{"embeddable":true,"href":"https:\/\/www.pcnen.com\/portal\/wp-json\/wp\/v2\/comments?post=279513"}],"version-history":[{"count":3,"href":"https:\/\/www.pcnen.com\/portal\/wp-json\/wp\/v2\/posts\/279513\/revisions"}],"predecessor-version":[{"id":279518,"href":"https:\/\/www.pcnen.com\/portal\/wp-json\/wp\/v2\/posts\/279513\/revisions\/279518"}],"wp:featuredmedia":[{"embeddable":true,"href":"https:\/\/www.pcnen.com\/portal\/wp-json\/wp\/v2\/media\/276830"}],"wp:attachment":[{"href":"https:\/\/www.pcnen.com\/portal\/wp-json\/wp\/v2\/media?parent=279513"}],"wp:term":[{"taxonomy":"category","embeddable":true,"href":"https:\/\/www.pcnen.com\/portal\/wp-json\/wp\/v2\/categories?post=279513"},{"taxonomy":"post_tag","embeddable":true,"href":"https:\/\/www.pcnen.com\/portal\/wp-json\/wp\/v2\/tags?post=279513"}],"curies":[{"name":"wp","href":"https:\/\/api.w.org\/{rel}","templated":true}]}}