{"id":279486,"date":"2019-12-07T19:33:28","date_gmt":"2019-12-07T18:33:28","guid":{"rendered":"https:\/\/www.pcnen.com\/portal\/?p=279486"},"modified":"2019-12-07T19:33:28","modified_gmt":"2019-12-07T18:33:28","slug":"odupri-se-promjene-moraju-doci-sa-ulice","status":"publish","type":"post","link":"https:\/\/www.pcnen.com\/portal\/2019\/12\/07\/odupri-se-promjene-moraju-doci-sa-ulice\/","title":{"rendered":"Odupri se: Promjene moraju do\u0107i sa ulice"},"content":{"rendered":"<p><a href=\"https:\/\/www.pcnen.com\/portal\/2019\/12\/07\/danas-kongres-slobodnih-gradana\/\">Protest pokreta &#8220;Odupri se&#8221;<\/a> odr\u017ean je ve\u010deras ispred Skup\u0161tine Crne Gore pod sloganom \u201cKongres slobodnih gra\u0111ana\u201d.<\/p>\n<p>Nikola Grdini\u0107 iz tog pokreta\u00a0 poru\u010dio da \u0107e promjene morati da do\u0111u sa ulice i da treba biti istrajan.<\/p>\n<p>On je ispred Skup\u0161tine u Podgorici kazao da je ve\u010dera\u0161nji skup organizovan zbog kongresa DPS-a koji je pokazao da &#8220;oni vladaju strahom&#8221;.<\/p>\n<p>&#8220;Ovdje su slobodni ljudi i uvjek \u0107e biti slobodni. Mi \u0107emo se uvjek truditi da tako bude&#8221;, kazao je on.<\/p>\n<p>&#8220;Sigurno \u0107emo biti smetnja sistemu i i\u0107i ka tome da gra\u0111anima bude bolje. U ovom trenutku nemogu\u0107e je organizovati slobodne izbore. Gra\u0111ani \u0107e iza\u0107i na glasanje kada budemo sigurni da izbori ne\u0107e biti oplja\u010dkani. U svakom drugom slu\u010daju zagovara\u0107emo bojkot&#8221;, kazao je on.<\/p>\n<p>On je pozvao NVO i medije da iza\u0111u iz zone konfora i da se ne vode li\u010dnim interesima. U surpotnom, kako je rekao, natjera\u0107e ih da se promjene, prenosi portal Vijesti.<\/p>\n<p>On je kazao da ce u pokretu te\u017ei\u0161te biti na mladim ljudima.<\/p>\n<p>Dragan So\u0161i\u0107 je pro\u010ditao pismo koje je pokret dobio od Srpskog foruma gra\u0111ana Crne Gore iz Ciriha u kome se navodi da je &#8220;vlast dovela gra\u0111ane do ekonomskog i moralnog posrnu\u0107a&#8221;.<\/p>\n<p>Nikola Grdini\u0107 je najavio \u00a0jo\u0161 jedan protest u decembru.<\/p>\n","protected":false},"excerpt":{"rendered":"<p>Pokret Odupri se je najavio \u00a0jo\u0161 jedan protest u decembru.<\/p>\n","protected":false},"author":1,"featured_media":279487,"comment_status":"open","ping_status":"closed","sticky":false,"template":"","format":"standard","meta":{"_seopress_robots_primary_cat":"","_seopress_titles_title":"","_seopress_titles_desc":"","_seopress_robots_index":"","_et_pb_use_builder":"","_et_pb_old_content":"","_et_gb_content_width":"","inline_featured_image":false,"footnotes":""},"categories":[14,12],"tags":[],"class_list":["post-279486","post","type-post","status-publish","format-standard","has-post-thumbnail","hentry","category-vijesti","category-prica-dana"],"_links":{"self":[{"href":"https:\/\/www.pcnen.com\/portal\/wp-json\/wp\/v2\/posts\/279486","targetHints":{"allow":["GET"]}}],"collection":[{"href":"https:\/\/www.pcnen.com\/portal\/wp-json\/wp\/v2\/posts"}],"about":[{"href":"https:\/\/www.pcnen.com\/portal\/wp-json\/wp\/v2\/types\/post"}],"author":[{"embeddable":true,"href":"https:\/\/www.pcnen.com\/portal\/wp-json\/wp\/v2\/users\/1"}],"replies":[{"embeddable":true,"href":"https:\/\/www.pcnen.com\/portal\/wp-json\/wp\/v2\/comments?post=279486"}],"version-history":[{"count":1,"href":"https:\/\/www.pcnen.com\/portal\/wp-json\/wp\/v2\/posts\/279486\/revisions"}],"predecessor-version":[{"id":279488,"href":"https:\/\/www.pcnen.com\/portal\/wp-json\/wp\/v2\/posts\/279486\/revisions\/279488"}],"wp:featuredmedia":[{"embeddable":true,"href":"https:\/\/www.pcnen.com\/portal\/wp-json\/wp\/v2\/media\/279487"}],"wp:attachment":[{"href":"https:\/\/www.pcnen.com\/portal\/wp-json\/wp\/v2\/media?parent=279486"}],"wp:term":[{"taxonomy":"category","embeddable":true,"href":"https:\/\/www.pcnen.com\/portal\/wp-json\/wp\/v2\/categories?post=279486"},{"taxonomy":"post_tag","embeddable":true,"href":"https:\/\/www.pcnen.com\/portal\/wp-json\/wp\/v2\/tags?post=279486"}],"curies":[{"name":"wp","href":"https:\/\/api.w.org\/{rel}","templated":true}]}}