{"id":279403,"date":"2019-12-06T15:40:13","date_gmt":"2019-12-06T14:40:13","guid":{"rendered":"https:\/\/www.pcnen.com\/portal\/?p=279403"},"modified":"2019-12-06T17:42:49","modified_gmt":"2019-12-06T16:42:49","slug":"nasi-kablovski-prijatelji","status":"publish","type":"post","link":"https:\/\/www.pcnen.com\/portal\/2019\/12\/06\/nasi-kablovski-prijatelji\/","title":{"rendered":"Na\u0161i kablovski prijatelji"},"content":{"rendered":"<p>Ju\u010de sam mejlom, uz novembarski ra\u010dun, dobio i obavje\u0161tenje \u2013 kao i svi korisnici M-tela, na \u010dijoj drugoj strani je onako, uzgred, pri kraju, napomenuto da se od 01.01.2020. godine \u201czbog unapre\u0111enja kvaliteta i dostupnosti servisa, uvodi (se) mjese\u010dna naknada za odr\u017eavanje u iznosu od 1 euro\u201c.<\/p>\n<p>\u010cak nije 1.00 euro, ve\u0107 samo 1 euro.<\/p>\n<p>Istina, pi\u0161e tamo i da mo\u017eemo raskiniti ugovor ako nam to ne odgovara. Ali ako ga ne raskinemo do dana njegove primjene, zna\u010di da smo pristali da koristimo paket pod promijenjenim uslovima.<\/p>\n<p>I to nije sve \u2013 \u0161to bi rekli na onim tele -\u0161opovima.<\/p>\n<p>\u201cU slu\u010daju neblagovremenog pla\u0107anja ra\u010duna, uvodi se naknada u iznosu od 1.49 eura.\u201c<\/p>\n<p>A ko bi raskidao ugovor sa svojim operaterom za tri\u010davih 1.00 euro, prvog dana Nove godine, izlagao se svim onim procedurama koje su tako iskomplikovali?<\/p>\n<p>Ajde mi recite.<\/p>\n<p><img loading=\"lazy\" decoding=\"async\" class=\"aligncenter size-large wp-image-279405\" src=\"https:\/\/www.pcnen.com\/portal\/wp-content\/uploads\/2019\/12\/M-tel-poruka-580x355.png\" alt=\"\" width=\"580\" height=\"355\" srcset=\"https:\/\/www.pcnen.com\/portal\/wp-content\/uploads\/2019\/12\/M-tel-poruka-580x355.png 580w, https:\/\/www.pcnen.com\/portal\/wp-content\/uploads\/2019\/12\/M-tel-poruka-300x184.png 300w, https:\/\/www.pcnen.com\/portal\/wp-content\/uploads\/2019\/12\/M-tel-poruka.png 700w\" sizes=\"(max-width: 580px) 100vw, 580px\" \/><\/p>\n<p>Po\u0161tovani gra\u0111ani,<\/p>\n<p>kablovski operateri nas godinama otvoreno kradu. Mi se kao i u politici ne bunimo, i zato oni nastavljaju da nas kradu, usput prave\u0107i budale od nas. Oni su se prosto prilagodili ambijentu sveop\u0161te kra\u0111e, znaju da mogu raditi \u0161to im je volja, jer nema ko da ih obuzda i kontroli\u0161e. Imamo tzv. EKIP koji bi trebao da reguli\u0161e i kontroli\u0161e stanje u ovoj oblasti. Me\u0111utim, ubije\u0111en sam, iako za to nemam dokaze, da je EKIP korumpiran od strane kablovskih operatera. Uz to, kablovski operateri su najve\u0107i ogla\u0161iva\u010di u komercijalnim medijima, pa ovi iz straha da im ne otka\u017eu saradnju ne\u0107e da istra\u017euju niti da pi\u0161u o kra\u0111ama i ucjenama kojima su gra\u0111ani od njihove strane izlo\u017eeni.<\/p>\n<p>Svi znate, primjera radi, da je minimalno trajanje ugovora sa njima 24 mjeseca.<\/p>\n<p>Za\u0161to mislim da je EKIP kormpiran?<\/p>\n<p>Ovo je moja tre\u0107a borba sa kablovskim operaterima. Najprije sam bio korisnik paketa Telenora, tada Pro &#8211; Montea.\u00a0 Kada sam otkazao paket kod njih i pre\u0161ao u Telekom, telefon kojeg sam uredno kupio i otplatio nije prihvatao karticu drugog operatera. U poslovnici sam im objasnio problem i tra\u017eio da mi se omogu\u0107i da koristim uredno pla\u0107eni telefon u mre\u017ei u kojoj ja ho\u0107u.<\/p>\n<p>Preporu\u010dili su mi da po\u0111em \u201cu bilo koji servis mobilne telefonije; oni \u0107e mi ga dekodirati za svega 5. 00 eura\u201c!!! Normalno da nijesam pristao na to.<\/p>\n<p>Uputio sam pisani prigovor, \u017ealio se EKIP-u, napisao tekst o tome na PCNEN-u.<\/p>\n<p>Valjda se provajderi najvi\u0161e pla\u0161e te antireklame, odmah poslije objavljivanja teksta su mi mejlom poslali instrukcije i \u0161ifru za dekodiranje telefona.<\/p>\n<p>EKIP se, o\u010dekivano,\u00a0 nije mje\u0161ao u svoj posao.<\/p>\n<p>Tri dana nijesam bio u mogu\u0107nosti da koristim telefon, dok sam \u201cistjerao pravdu\u201c, a tada su telefonski aparati bili veoma skupi, pa nijesam ima drugog, rezervnog.<\/p>\n<p>U Telekom-u sam otkazao ugovor kada sam upao u finansijske neprilike i, ujedno, shvatio da u paketu pla\u0107am i pretplatu za fiksni telefon u iznosu, mislim od 5,50 eura, a uop\u0161te ga ne koristim.<\/p>\n<p>Da bi koristili paket Telekoma u kome ima i tzv. Ekstra &#8211; TV, svi moramo pla\u0107ati i pretplatu za fiksnu telefoniju, bez obzira da li je koristimo.<\/p>\n<p>Najskuplje odr\u017eavanje fiksne telefonije na svijetu. To je moje mi\u0161ljenje.<\/p>\n<p>No, tako je to kada je dr\u017eava koruptivnim ugovorom prodala Telekomu i podzemne kablove \u2013 \u0161to niko ne radi, pa nas mogu ucjenjivati.<\/p>\n<p>Uredno izmiriv\u0161i sve obaveze i ra\u010dune, otkazao sam im ugovor. Ali, ne le\u017ei vra\u017ee, slede\u0107eg mjeseca mi je sa bankovnog ra\u010duna skinuto 6.20 eura u korist Telekom-a. Primjetiv\u0161i to, tra\u017eio sam obja\u0161njenje. Bila je gre\u0161ka, objasni\u0161e mi fino u Telekom-u, \u010dak su mi se, koliko se sje\u0107am, i izvinili! Me\u0111utim, da bi mi vratili novac, reko\u0161e da treba da napi\u0161em prigovor.<\/p>\n<p>\u201cDa vam napi\u0161em prigovor da mi vratite novac koji ste mi gre\u0161kom skinuli sa bankovnog ra\u010duna?\u201d, pitao sam, u \u010dudu.<\/p>\n<p>\u201cTakva je procedura, druga\u010dije vam ne mo\u017eemo vratiti novac\u201d, odgovorili su.<\/p>\n<p>\u201cLopovima uhva\u0107enim u kra\u0111i ne\u0107u pisati molbe i prigovore da mi vrate ukradeno!\u201d, dreknuo sam u prepunoj\u00a0 poslovnici.<\/p>\n<p>Zaposlonoj slu\u017ebenici (koja, sirota, ni\u0161ta nije kriva) bilo je neprijatno,\u00a0 nazvala je nadre\u0111ene, objasnia u \u010demu je problem i da klijent odbija da napi\u0161e prigovor za vra\u0107anje ukradenog novca. D\u017eaba, to je standardna procedura i ako ne napi\u0161em prigovor, novac mi ne\u0107e vratiti, potvrdili su joj \u0161efovi.<\/p>\n<p>Tu sam ve\u0107 bio van sebe. Rekao sam &#8211; evo vam moja li\u010dna karta, sada \u0107u ja da vam pokupim sve ove telefone iz poslovnice a vi mi napi\u0161ite prigovor da vam ih vratim. Kada dobijem pisani prigovor i razmotrim ga, vrati\u0107u vam ih.<\/p>\n<p>Nastao je haos, ponovno zvanja \u0161efova, ali, uzalud, novac ne\u0107e da vrate, jer je takva procedura&#8230;<\/p>\n<p>Par dana su me nazivali, poku\u0161avali ubijediti da moram napisati prigovor &#8211; zbog po\u0161tovanja procedure. Istovremeno sam slao dopise la\u017enom EKIP-u (koji, opet, nije reagovao), pisao tekstove na PCNEN-u o tome.<\/p>\n<p>Na kraju\u00a0 se zainteresovao i list Dan.<\/p>\n<p>Poslije teksta koji su objavili, vra\u0107en mi je novac na ra\u010dun kod banke, \u00a0\u201ciako ne postoji ni teorijska mogu\u0107nost da budem obe\u0161te\u0107en i novac mi bude vra\u0107en ako ne napi\u0161em pismeni prigovor\u201c.<\/p>\n<p>Ako bi samo hiljadu, od desetine hiljada korisnika M-tela sada tra\u017eilo raskid ugovora, poslije ovog poku\u0161aja iznude, budite sigurni da bi odluku odmah povukli. U tom slu\u010daju,\u00a0 ubudu\u0107e bi, opet sam siguran, ne samo M-tel nego i drugi provajderi veoma pazili kako nam zavla\u010de ruke u d\u017eepove i imali bi mnogo manje problema sa njima.<\/p>\n<p>Do nas je, ne do njih.<\/p>\n<p>Zato pozivam sve korisnike M-tel mre\u017ee pod ugovorom \u00a0da isti raskinu.<\/p>\n<p>Isto vam je i sa vla\u0161\u0107u. Ako nema stalnog pritiska od strane gra\u0111ana na nju, radi\u0107e od nas upravo ovo \u0161to rade. Za svoja prava, u svemu, moramo se boriti:\u00a0 i sami,\u00a0 i\u00a0 u savezu sa ostalima.<\/p>\n<p>Zato, iza\u0111ite na sve proteste.<\/p>\n<p>I na sjutra\u0161nji!<\/p>\n<p>Sve dok se stanje ne po\u010dne popravljati.<\/p>\n","protected":false},"excerpt":{"rendered":"<p>Pi\u0161e: Omer \u0160ARKI\u0106<\/p>\n","protected":false},"author":12,"featured_media":0,"comment_status":"open","ping_status":"closed","sticky":false,"template":"","format":"standard","meta":{"_seopress_robots_primary_cat":"","_seopress_titles_title":"","_seopress_titles_desc":"","_seopress_robots_index":"","_et_pb_use_builder":"","_et_pb_old_content":"","_et_gb_content_width":"","inline_featured_image":false,"footnotes":""},"categories":[17,12],"tags":[],"class_list":["post-279403","post","type-post","status-publish","format-standard","hentry","category-blogovi","category-prica-dana"],"_links":{"self":[{"href":"https:\/\/www.pcnen.com\/portal\/wp-json\/wp\/v2\/posts\/279403","targetHints":{"allow":["GET"]}}],"collection":[{"href":"https:\/\/www.pcnen.com\/portal\/wp-json\/wp\/v2\/posts"}],"about":[{"href":"https:\/\/www.pcnen.com\/portal\/wp-json\/wp\/v2\/types\/post"}],"author":[{"embeddable":true,"href":"https:\/\/www.pcnen.com\/portal\/wp-json\/wp\/v2\/users\/12"}],"replies":[{"embeddable":true,"href":"https:\/\/www.pcnen.com\/portal\/wp-json\/wp\/v2\/comments?post=279403"}],"version-history":[{"count":6,"href":"https:\/\/www.pcnen.com\/portal\/wp-json\/wp\/v2\/posts\/279403\/revisions"}],"predecessor-version":[{"id":279422,"href":"https:\/\/www.pcnen.com\/portal\/wp-json\/wp\/v2\/posts\/279403\/revisions\/279422"}],"wp:attachment":[{"href":"https:\/\/www.pcnen.com\/portal\/wp-json\/wp\/v2\/media?parent=279403"}],"wp:term":[{"taxonomy":"category","embeddable":true,"href":"https:\/\/www.pcnen.com\/portal\/wp-json\/wp\/v2\/categories?post=279403"},{"taxonomy":"post_tag","embeddable":true,"href":"https:\/\/www.pcnen.com\/portal\/wp-json\/wp\/v2\/tags?post=279403"}],"curies":[{"name":"wp","href":"https:\/\/api.w.org\/{rel}","templated":true}]}}