{"id":279355,"date":"2019-12-06T08:23:09","date_gmt":"2019-12-06T07:23:09","guid":{"rendered":"https:\/\/www.pcnen.com\/portal\/?p=279355"},"modified":"2019-12-06T08:23:09","modified_gmt":"2019-12-06T07:23:09","slug":"nasa-nenormalna-normalnost","status":"publish","type":"post","link":"https:\/\/www.pcnen.com\/portal\/2019\/12\/06\/nasa-nenormalna-normalnost\/","title":{"rendered":"Na\u0161a nenormalna normalnost"},"content":{"rendered":"<p><strong>Pi\u0161e: Ned\u017ead Ba\u0161i\u0107<\/strong><\/p>\n<p>Te\u0161ko je razumeti a jo\u0161 je te\u017ee \u017eiveti \u017eivot u zemlji u kojoj se ne priznaju ni Ustav ni zakoni, ni moral ni obi\u010daji. Te\u0161ko je \u017eiveti u dr\u017eavi koju plja\u010dkaju i razaraju oni koji tom dr\u017eavom upravljaju.<\/p>\n<p>Te\u0161ko je \u017eiveti i jo\u0161 te\u017ee razumeti \u017eivot tamo gde sudije ne po\u0161tuje zakone po kojima sude, gde lekari ne po\u0161tuju lekarsku etiku i ne mare za bol svojih pacijenata, gde u\u010ditelji ne mare za sopstveni moral ni za dostojanstvo svojih u\u010denika. Me\u0111utim, najte\u017ee je od svega toga razumeti i \u017eiveti tamo gdje je takav \u017eivot, a da nema nikakve pobune ili bar otvorene ljutnje da bi se takav \u017eivot uistinu mogao bar razaznati na vreme.<\/p>\n<p>\u017divimo u vreme zastra\u0161uju\u0107e nepravde, siroma\u0161tva, straha, bezperspektivnosti i o\u010daja, i to bez i jednog pokreta ozbiljne pobune ili ljutnje prema onima koji su doveli do takvog \u017eivota kakav \u017eivimo. I ne samo da nema znaka pobune protiv sve gor\u010dine sa kojom \u017eivimo taj \u017eivot, ve\u0107 iz dana u dan ekstaza poslu\u0161nosti i odanosti prema onima koji nas vode u bezna\u0111e sve je mo\u0107nija i vidljivija.<\/p>\n<p>Ovo je zastra\u0161uju\u0107e vreme u kojem smo do\u0161li do krajnje ta\u010dke sa koje se vi\u0161e ne mo\u017eemo sami vratiti na po\u010detnu ta\u010dku sa koje smo po\u0161li. Do\u0161li smo u stanje kolektivne mentalne poreme\u0107enosti kada vi\u0161e nismo u stanju razaznati zlo\u0107udno od normalnog, nemoralno od moralnog, zlo\u010desto od dobrog, la\u017e od istine. Sve \u0161to se de\u0161ava oko nas \u0161to je zlo\u0107udno to je i normalno za nas.<\/p>\n<p>Priznajemo da je nenormalno kada se putem korupcije, kra\u0111e i prevare dolazi do nezaslu\u017eenog bogatstva, do dru\u0161tvene mo\u0107i, do polo\u017eaja i privilegija, ali dr\u017eimo da je to normalno i korisno za nas i ne bunimo se protiv toga. Sada svi zajedno, i pojedinci, i nacije, i crkve, i dr\u017eave, funkcioni\u0161emo na nivou pojedinca na refleksu te \u201enenormalne normalnosti\u201c.<\/p>\n<p>Svi po\u010dinjemo verovati da su lo\u0161e i zlo\u010deste stvari dobre i za nas i svi podle\u017eemo tom poreme\u0107aju i postajemo mentalno zavisni od lo\u0161eg i destruktivnog \u0161to nas okru\u017euje.<\/p>\n<p>Postajemo svi nasilni, anksiozni i podlo\u017eni la\u017enim uverenjima. To je stanje u kome nastaje \u201egubitak uvida\u201c u sopstvenu pro\u0161lost, sada\u0161njost i budu\u0107nost.<\/p>\n<p>To je stanje u kojem se lako stvara \u201enormalnost zlo\u010dina\u201c, gdje se sve \u0161to je pogre\u0161no, destruktivno, patolo\u0161ko i nenormalno, detektira kao normalno i korisno za nas.<\/p>\n<p>Uni\u0161tavanje demokratije, divljanje korupcija, eksplozija nepotizma, spre\u010davanje vladavine zakona, gubitak zajedni\u010dkog ose\u0107aja o stvarnosti u kojoj se nalazimo, simptomi su opasne bolesti u \u010dijoj se inkubaciji svi nalazimo. Vi\u0161e ne razlikujemo stvarno od nestvarnog. Iluzije i halucinacije postaju na\u0161a stvarnost.<\/p>\n<p>Gubimo vlastiti ose\u0107aj za stvarnost i podr\u017eavamo zablude i celo dru\u0161tvo postaje jedna mentalno bolesna osoba koja vi\u0161e ne ose\u0107a zlo\u010din kao ne\u0161to zlo\u0107udno i lo\u0161e.<\/p>\n<p>Stvara se opasan oblik suzavisnosti u kojoj psiholo\u0161ki neuredan pojedinac, koji se popeo do najvi\u0161e stepenice dru\u0161tvene mo\u0107i, pretvara dru\u0161tvo u karantin u kojem bacil \u201enacionalne kuge\u201c stvara veliki strah od pobune i slobode, \u0161to stvara sklonost kod pojedinca da krivi i demonizira druge zbog sopstvenog nestajanja u zoni pokoravanja.<\/p>\n<p>Mo\u0107 psiholo\u0161ki bolesnog pojedinca na vrhu piramide lokalne ili vi\u0161e vlasti (svejedno je), u tako psiholo\u0161ki neurednoj zajednici, izrasta u najve\u0107u opasnost ne samo za lokalnog \u010doveka ve\u0107 i za celo \u010dovje\u010danstvo, bez obzira koliko ta zajednica bila mala i \u010dinila nam se nemo\u0107nom i marginaliziranom da pokrene zlo iz po\u010detka. Stvara se strogo kontrolisana mentalno neuredna zajednica u kojoj svi moraju lagati i sebe i druge, u kojoj se moraju iskriviti sve istine i stvarnosti, u kojoj se moraju zagovarati \u201eteorije zavere\u201c i verovati u njih..<\/p>\n<p>Da bi se mogao napraviti iskorak iz tog zatvorenog kruga \u201enenormalne normalnosti\u201c potrebna je zajedni\u010dka mre\u017ea (netvork) novih generacija sa novim idejama, bez straha i sklonosti ka pokoravanju.<\/p>\n<p>Potrebni su oni koji su sposobni postaviti granice toj na\u0161oj \u201enenormalnoj normalnosti\u201c, u koju smo svi uklju\u010deni i porobljeni, koja je postala nepodno\u0161ljiva.<\/p>\n<p>Potrebna je kolektivna pobuna protiv bolesnih halucinacija i iluzija psihopata koji su na vrhu piramide vlasti, i koji nas \u010dine sve bolesnijim, sve nenormalnijim, sve upla\u0161enijim, siroma\u0161nijim i otu\u0111enijim od onog \u0161to bi nas trebalo \u010diniti normalnim ljudskim stvorenjima. To vi\u0161e nije nikakva politi\u010dka paradigma ve\u0107 \u201eparadigma zdravlja i \u017eivota\u201c svih nas koji \u017eivimo na ovim prostorima.<\/p>\n<p>Ta \u201eparadigma \u017eivota i zdravlja\u201c mogla bi biti relaksantniji podijum za stvaranje jedne nove vrste kolektivne pobune, koja bi bila oslobo\u0111ena svih verskih, politi\u010dkih, kulturnih i nacionalnih naslaga, koje \u010dine svaku zajedni\u010dku pobunu iluzornom i nestvarnom.<\/p>\n<p>Autor je redovni profesor Univerziteta u Biha\u0107u<\/p>\n<p><a href=\"https:\/\/www.danas.rs\/dijalog\/licni-stavovi\/nasa-nenormalna-normalnost\/\">Danas<\/a><\/p>\n","protected":false},"excerpt":{"rendered":"<p>Svi po\u010dinjemo verovati da su lo\u0161e i zlo\u010deste stvari dobre i za nas i svi podle\u017eemo tom poreme\u0107aju<\/p>\n","protected":false},"author":1,"featured_media":277889,"comment_status":"open","ping_status":"closed","sticky":false,"template":"","format":"standard","meta":{"_seopress_robots_primary_cat":"","_seopress_titles_title":"","_seopress_titles_desc":"","_seopress_robots_index":"","_et_pb_use_builder":"","_et_pb_old_content":"","_et_gb_content_width":"","inline_featured_image":false,"footnotes":""},"categories":[5],"tags":[],"class_list":["post-279355","post","type-post","status-publish","format-standard","has-post-thumbnail","hentry","category-drugi-pisu"],"_links":{"self":[{"href":"https:\/\/www.pcnen.com\/portal\/wp-json\/wp\/v2\/posts\/279355","targetHints":{"allow":["GET"]}}],"collection":[{"href":"https:\/\/www.pcnen.com\/portal\/wp-json\/wp\/v2\/posts"}],"about":[{"href":"https:\/\/www.pcnen.com\/portal\/wp-json\/wp\/v2\/types\/post"}],"author":[{"embeddable":true,"href":"https:\/\/www.pcnen.com\/portal\/wp-json\/wp\/v2\/users\/1"}],"replies":[{"embeddable":true,"href":"https:\/\/www.pcnen.com\/portal\/wp-json\/wp\/v2\/comments?post=279355"}],"version-history":[{"count":1,"href":"https:\/\/www.pcnen.com\/portal\/wp-json\/wp\/v2\/posts\/279355\/revisions"}],"predecessor-version":[{"id":279356,"href":"https:\/\/www.pcnen.com\/portal\/wp-json\/wp\/v2\/posts\/279355\/revisions\/279356"}],"wp:featuredmedia":[{"embeddable":true,"href":"https:\/\/www.pcnen.com\/portal\/wp-json\/wp\/v2\/media\/277889"}],"wp:attachment":[{"href":"https:\/\/www.pcnen.com\/portal\/wp-json\/wp\/v2\/media?parent=279355"}],"wp:term":[{"taxonomy":"category","embeddable":true,"href":"https:\/\/www.pcnen.com\/portal\/wp-json\/wp\/v2\/categories?post=279355"},{"taxonomy":"post_tag","embeddable":true,"href":"https:\/\/www.pcnen.com\/portal\/wp-json\/wp\/v2\/tags?post=279355"}],"curies":[{"name":"wp","href":"https:\/\/api.w.org\/{rel}","templated":true}]}}