{"id":279332,"date":"2019-12-05T17:55:04","date_gmt":"2019-12-05T16:55:04","guid":{"rendered":"https:\/\/www.pcnen.com\/portal\/?p=279332"},"modified":"2019-12-05T22:04:50","modified_gmt":"2019-12-05T21:04:50","slug":"vlada-usvojila-predlog-zakona-o-slobodi-vjeroispovijesti-2","status":"publish","type":"post","link":"https:\/\/www.pcnen.com\/portal\/2019\/12\/05\/vlada-usvojila-predlog-zakona-o-slobodi-vjeroispovijesti-2\/","title":{"rendered":"Vlada usvojila predlog zakona o slobodi vjeroispovijesti"},"content":{"rendered":"<p>Vlada Crne Gore je danas utvrdila inovirani tekst Predloga zakona o slobodi vjeroispovijesti ili uvjerenja i pravnom polo\u017eaju vjerskih zajednica, u kojem su, kako je zvani\u010dno saop\u0161teno, u cjelosti prihva\u0107ene i integrisane sve preporuke Venecijanske komisije.<\/p>\n<p>\u201cPredlo\u017eeni zakon utvr\u0111uje imovinska prava dr\u017eave nad vjerskim objektima koji predstavljaju kulturnu ba\u0161tinu Crne Gore koja je kroz vjekove gra\u0111ena i sticana od javnih prihoda dr\u017eave\u201d, navedeno je u saop\u0161tenju.<\/p>\n<p>Predlogom zakona je propisano, navedeo je u saop\u0161tenju, \u201cda \u0107e svi vjerski objekti koji predstavljaju kulturnu ba\u0161tinu, a koji su bili imovina dr\u017eave Crne Gore prije gubitka njene nezavisnosti 1918. godine i koji kasnije nijesu na odgovaraju\u0107i pravni na\u010din pre\u0161li u svojinu neke vjerske zajednice, biti prepoznati kao dr\u017eavna imovina\u201d.<\/p>\n<p>\u201cMe\u0111utim, ako bilo koja vjerska zajednica raspola\u017ee dokazima da je na osnovu nekad ili danas va\u017ee\u0107ih propisa postala vlasnik neke imovine, dr\u017eava \u0107e to priznati i po\u0161tovati. Svako sporenje u vezi vlasni\u0161tva nad vjerskom imovinom bi\u0107e rje\u0161avano pred nadle\u017enim sudom, kao i svaki drugi imovinski spor, u skladu sa va\u017ee\u0107im zakonima u Crnoj Gori\u201d, ka\u017ee se u saop\u0161tenju,<\/p>\n<p>U saop\u0161tenju se precizira da je na osnovu preporuka Venecijanske komisije, inovirani tekst Predloga zakona \u00a0dodatno unaprije\u0111en i preciziran.<\/p>\n<p>\u201cDodatno je precizirano da djelovanje vjerske zajednice mo\u017ee biti ograni\u010deno samo ako je to neophodno u demokratskom dru\u0161tvu radi za\u0161tite javne bezbjednosti, javnog poretka, zdravlja i morala ili za\u0161tite prava i sloboda drugih, pri \u010demu mjera ograni\u010denja mora biti srazmjerna ovim vrijednostima.<\/p>\n<p>Ostavljena je jo\u0161 \u0161ira sloboda izbora prilikom registracije vjerskih zajednica. Izri\u010dito je utvr\u0111eno da vjerska zajednica \u010diji je vjerski centar u inostranstvu nema obavezu da se registruje, ve\u0107 slobodno odlu\u010duje o tome da \u0107e zahtijevati upis u Registar, pri \u010demu neregistrovane vjerske zajednice ne mogu imati svojstvo pravnog lica. Osim toga, zakon dozvoljava registraciju svake vjerske zajednice koja ima najmanje tri punoljetna vjernika, koji \u010dak ne moraju ni biti dr\u017eavljani Crne Gore, ukoliko imaju odobren stalni boravak u skladu sa zakonom.<\/p>\n<p>Uvode se dodatni uslovi u postupku sudske zabrane djelovanja vjerske zajednice, koja se dozvoljava samo ako se legitimni cilj za\u0161tite javne bezbjednosti, javnog poretka, zdravlja ili morala, ili za\u0161tite prava i sloboda drugih ne mo\u017ee ostvariti bla\u017eim mjerama ograni\u010denja;<\/p>\n<p>Izri\u010dito se propisuje mogu\u0107nost finansiranja aktivnosti vjerskih zajednica iz dr\u017eavnog bud\u017eeta i bud\u017eeta lokalne samouprave.<\/p>\n<p>Nedvosmisleno se utvr\u0111uje da \u0107e svako sporenje u vezi vlasni\u0161tva nad vjerskom imovinom biti rje\u0161avano pred nadle\u017enim sudom, kao i svaki drugi imovinski spor, u skladu sa va\u017ee\u0107im zakonima u Crnoj Gori. Tako\u0111e, u prelaznim i zavr\u0161nim odredbama, precizira se da vjerska zajednica nastavlja sa kori\u0161\u0107enjem odre\u0111enog kulturnog dobra i nakon upisa prava dr\u017eavne svojine nad tom imovinom, do odluke dr\u017eavnog organa nadle\u017enog za odlu\u010divanje o dr\u017eavini, kori\u0161\u0107enju i raspolaganju ovim objektima i zemlji\u0161tem.\u201d<\/p>\n<p>Najava ovakvih rj\u0161enja nai\u0161la je na<a href=\"https:\/\/www.pcnen.com\/portal\/2019\/05\/18\/dzomic-najava-otimacine-kakva-nije-videna-na-evropskim-prostorima\/\"> \u017eestoko protivljenje<\/a> svje\u0161tenska i vjernika Srpske pravoslavne crkve u Crnoj Gori.<\/p>\n<p>Za 21. decembar je u Nik\u0161i\u0107u zakazan <a href=\"https:\/\/www.eparhija.me\/dec-2019-najava-za-crkveno-narodni-sabor-u-niksicu\">crkveno-narodni sabor<\/a> koji \u0107e biti u funkciji odvra\u0107anja vlasti od usvajanja predlo\u017eenog zakona.<\/p>\n","protected":false},"excerpt":{"rendered":"<p>Svi vjerski objekti koji predstavljaju kulturnu ba\u0161tinu, a koji su bili imovina dr\u017eave Crne Gore prije gubitka njene nezavisnosti 1918. i koji kasnije nijesu na odgovaraju\u0107i pravni na\u010din pre\u0161li u svojinu neke vjerske zajednice, biti prepoznati kao dr\u017eavna imovina<\/p>\n","protected":false},"author":1,"featured_media":279333,"comment_status":"open","ping_status":"closed","sticky":false,"template":"","format":"standard","meta":{"_seopress_robots_primary_cat":"","_seopress_titles_title":"","_seopress_titles_desc":"","_seopress_robots_index":"","_et_pb_use_builder":"","_et_pb_old_content":"","_et_gb_content_width":"","inline_featured_image":false,"footnotes":""},"categories":[14,12],"tags":[],"class_list":["post-279332","post","type-post","status-publish","format-standard","has-post-thumbnail","hentry","category-vijesti","category-prica-dana"],"_links":{"self":[{"href":"https:\/\/www.pcnen.com\/portal\/wp-json\/wp\/v2\/posts\/279332","targetHints":{"allow":["GET"]}}],"collection":[{"href":"https:\/\/www.pcnen.com\/portal\/wp-json\/wp\/v2\/posts"}],"about":[{"href":"https:\/\/www.pcnen.com\/portal\/wp-json\/wp\/v2\/types\/post"}],"author":[{"embeddable":true,"href":"https:\/\/www.pcnen.com\/portal\/wp-json\/wp\/v2\/users\/1"}],"replies":[{"embeddable":true,"href":"https:\/\/www.pcnen.com\/portal\/wp-json\/wp\/v2\/comments?post=279332"}],"version-history":[{"count":5,"href":"https:\/\/www.pcnen.com\/portal\/wp-json\/wp\/v2\/posts\/279332\/revisions"}],"predecessor-version":[{"id":279350,"href":"https:\/\/www.pcnen.com\/portal\/wp-json\/wp\/v2\/posts\/279332\/revisions\/279350"}],"wp:featuredmedia":[{"embeddable":true,"href":"https:\/\/www.pcnen.com\/portal\/wp-json\/wp\/v2\/media\/279333"}],"wp:attachment":[{"href":"https:\/\/www.pcnen.com\/portal\/wp-json\/wp\/v2\/media?parent=279332"}],"wp:term":[{"taxonomy":"category","embeddable":true,"href":"https:\/\/www.pcnen.com\/portal\/wp-json\/wp\/v2\/categories?post=279332"},{"taxonomy":"post_tag","embeddable":true,"href":"https:\/\/www.pcnen.com\/portal\/wp-json\/wp\/v2\/tags?post=279332"}],"curies":[{"name":"wp","href":"https:\/\/api.w.org\/{rel}","templated":true}]}}