{"id":279317,"date":"2019-12-05T12:29:29","date_gmt":"2019-12-05T11:29:29","guid":{"rendered":"https:\/\/www.pcnen.com\/portal\/?p=279317"},"modified":"2019-12-05T12:30:27","modified_gmt":"2019-12-05T11:30:27","slug":"otasevic-saslusan-kao-svjedok-a-ne-kao-osteceni","status":"publish","type":"post","link":"https:\/\/www.pcnen.com\/portal\/2019\/12\/05\/otasevic-saslusan-kao-svjedok-a-ne-kao-osteceni\/","title":{"rendered":"Ota\u0161evi\u0107 saslu\u0161an kao svjedok, a ne kao o\u0161te\u0107eni"},"content":{"rendered":"<p>Novinar dnevnog lista &#8220;Dan&#8221; Vladimir Ota\u0161evi\u0107 je saslu\u0161an danas u Osnovnom dr\u017eavnom tu\u017eila\u0161tvu kao svjedok a ne kao o\u0161te\u0107eni u<a href=\"https:\/\/www.pcnen.com\/portal\/2019\/12\/04\/biznismenov-tjelohranitelj-udario-novinara-lista-dan\/\"> incidentu koji se u utorak ve\u010de dogodio u Tr\u017enom centru &#8220;Delta Siti<\/a>&#8220;,<\/p>\n<p>Zbog toga Ota\u0161evi\u0107u nije omogu\u0107en uvid u radnje koje je do sada preduzelo tu\u017eila\u0161tvo, niti ima pravo na informaciju o daljim radnjama ODT-a. To je Ota\u0161evi\u0107 danas kazao novinarima nakon saslu\u0161anja, prenose Vijesti.<\/p>\n<p>Iako je sa novinarom Dana u zgradu tu\u017eila\u0161tva u\u0161ao i advokat Neboj\u0161a Asanovi\u0107, on nije mogao prisustvovati saslu\u0161anju, jer svjedok nema pravo na pravnu pomo\u0107.<\/p>\n<p>Asanovi\u0107 smatra da tu\u017eiteljka Ivana Vuksanovi\u0107 &#8220;iz njoj znanih razloga&#8221; jo\u0161 nije dodijelila Ota\u0161evi\u0107u status svjedoka-o\u0161te\u0107enog, iako su se za to, smatra, ve\u0107 stekli uslovi.<\/p>\n<p>Rekli su da je sada sve na tu\u017eila\u0161tvu, dok \u0107e oni pa\u017eljivo pratiti rad na ovom slu\u010daju.<\/p>\n<p>Podgori\u010dko tu\u017eila\u0161tvo jo\u0161 nije odlu\u010dilo da li je slu\u017ebenik Ministarstva unutra\u0161njih poslova Mladen Mijatovi\u0107 po\u010dinio krivi\u010dno djelo nasr\u0107u\u0107i na Ota\u0161evi\u0107a.<\/p>\n<p>Vijestima je iz vrha Uprave policije nezvani\u010dno saop\u0161teno da je taj zaposleni u Direktoratu za vanredne situacije njihovim inspektorima priznao da privatno obezbje\u0111uje Be\u0107irovi\u0107a, u \u010dijem je dru\u0161tvu bio i kada je fizi\u010dki i verbalno napao izvje\u0161ta\u010da lista Dan.<\/p>\n<p>Novinar tvrdi da je tu\u017eilac cijelo vrijeme mirno posmatrao napad na njega.<\/p>\n<p>Iz policije su rekli da biznismen i vi\u0161i tu\u017eilac jo\u0161 nisu saslu\u0161ani.<\/p>\n<p>Ota\u0161evi\u0107 je u utorak ve\u010de poku\u0161ao da fotografi\u0161e biznismena Zorana Be\u0107irovi\u0107a u dru\u0161tvu vi\u0161eg dr\u017eavnog tu\u017eioca Milo\u0161a \u0160o\u0161ki\u0107a, kada ga je napao Be\u0107irovi\u0107ev tjelohranitelj &#8211; udario ga, prijetio mu i vrije\u0111ao ga.<\/p>\n<p>Be\u0107irovi\u0107 je par dana prije incidenta u Delti uhap\u0161en po nalogu Specijalnog tu\u017eila\u0161tva, zbog sumnje da je prijetio vje\u0161taku Aleksandru Rako\u010devi\u0107u. Tereti se da je po\u010dinio krivi\u010dno djelo &#8211; spre\u010davanje dokazivanja.<\/p>\n","protected":false},"excerpt":{"rendered":"<p>Ota\u0161evi\u0107u nije omogu\u0107en uvid u radnje koje je do sada preduzelo tu\u017eila\u0161tvo, niti ima pravo na informaciju o daljim radnjama ODT-a<\/p>\n","protected":false},"author":1,"featured_media":279318,"comment_status":"open","ping_status":"closed","sticky":false,"template":"","format":"standard","meta":{"_seopress_robots_primary_cat":"","_seopress_titles_title":"","_seopress_titles_desc":"","_seopress_robots_index":"","_et_pb_use_builder":"","_et_pb_old_content":"","_et_gb_content_width":"","inline_featured_image":false,"footnotes":""},"categories":[14],"tags":[],"class_list":["post-279317","post","type-post","status-publish","format-standard","has-post-thumbnail","hentry","category-vijesti"],"_links":{"self":[{"href":"https:\/\/www.pcnen.com\/portal\/wp-json\/wp\/v2\/posts\/279317","targetHints":{"allow":["GET"]}}],"collection":[{"href":"https:\/\/www.pcnen.com\/portal\/wp-json\/wp\/v2\/posts"}],"about":[{"href":"https:\/\/www.pcnen.com\/portal\/wp-json\/wp\/v2\/types\/post"}],"author":[{"embeddable":true,"href":"https:\/\/www.pcnen.com\/portal\/wp-json\/wp\/v2\/users\/1"}],"replies":[{"embeddable":true,"href":"https:\/\/www.pcnen.com\/portal\/wp-json\/wp\/v2\/comments?post=279317"}],"version-history":[{"count":2,"href":"https:\/\/www.pcnen.com\/portal\/wp-json\/wp\/v2\/posts\/279317\/revisions"}],"predecessor-version":[{"id":279320,"href":"https:\/\/www.pcnen.com\/portal\/wp-json\/wp\/v2\/posts\/279317\/revisions\/279320"}],"wp:featuredmedia":[{"embeddable":true,"href":"https:\/\/www.pcnen.com\/portal\/wp-json\/wp\/v2\/media\/279318"}],"wp:attachment":[{"href":"https:\/\/www.pcnen.com\/portal\/wp-json\/wp\/v2\/media?parent=279317"}],"wp:term":[{"taxonomy":"category","embeddable":true,"href":"https:\/\/www.pcnen.com\/portal\/wp-json\/wp\/v2\/categories?post=279317"},{"taxonomy":"post_tag","embeddable":true,"href":"https:\/\/www.pcnen.com\/portal\/wp-json\/wp\/v2\/tags?post=279317"}],"curies":[{"name":"wp","href":"https:\/\/api.w.org\/{rel}","templated":true}]}}