{"id":279252,"date":"2019-12-04T13:58:17","date_gmt":"2019-12-04T12:58:17","guid":{"rendered":"https:\/\/www.pcnen.com\/portal\/?p=279252"},"modified":"2019-12-04T14:25:02","modified_gmt":"2019-12-04T13:25:02","slug":"filmski-festival-i-protesti","status":"publish","type":"post","link":"https:\/\/www.pcnen.com\/portal\/2019\/12\/04\/filmski-festival-i-protesti\/","title":{"rendered":"Filmski festival i protesti"},"content":{"rendered":"<p>Sino\u0107 je u Podgorici otvoren, mislim, peti po redu Podgorica film festival. Ove godine selekcija filmova je izvanredna. Ima dosta premijera i filmova koji su nekomercijalni, te ih zbog toga nemamo \u0111e pogledati osim na ovakvim smotrama. Na\u0161 jedini bioskop, tr\u017ei\u0161na, skupa, udaljena, automobilima zarobljena i sva nabud\u017eena Delta \u2013 Cineplex, ve\u0107inu filmova koji se ovdje mogu pogledati nema interesa da otkupi i prika\u017ee. A zgrada Kinoteke koja se gradi na mjestu nekada\u0161njeg Doma JNA, jo\u0161 je u izgradnji. Ta gradnja traje nekih 5 \u2013 6 godina, du\u017ee nego \u0107e trajati izgradnja auto-puta iz ni\u010deg u nig\u0111e. No, takav nam je odnos prema kulturi. Kao i prema svemu drugom, uostalom. I neka je.<\/p>\n<p>Na otvaranju filmskog festivala, u prvom redu, jedan za drugim pojavi\u0161e se kontroverzni predsjednik Skup\u0161tine Ivan Brajovi\u0107, kontroverzni ministar kulture Aleksandar Bogdanovi\u0107, strikov gradona\u010delnik Ivan Vukovi\u0107. Da ih ne bi nazvao pravim, narodskim imenom, neka budu \u201ekontroverzni\u201c. Sala CNP-a bi dupke puna, ve\u0107inom onih koji \u0107e se pojaviti samo to ve\u010de: da budu vi\u0111eni, fotografisani, da se eventualno izljube sa pomenutim iz prvog reda,\u00a0 a mo\u017eda i na obaveznom koktelu, poslije projekcije, ugovore neki profitabilan posao \u2013 kulturni!<\/p>\n<p>I po\u010de sve\u010danost u na\u0161em ru\u017enom pozori\u0161tu: \u201ePo\u0161tovani predsjedni\u010de Skup\u0161tine, po\u0161tovani ministre kulture, po\u0161tovani gradona\u010delni\u010de, po\u0161tovani ministri iz Vlade&#8230;\u201c<\/p>\n<p>Zgadi mi se. Zgadilo mi se i kada sam ih vidio. Ali iskazivati posebno po\u0161tovanje za Ivana Brajovi\u0107a, Ramada predsjednika Skup\u0161tine, la\u017enog svjedoka, onog koji je \u201eprodao\u201c(?) plac \u201eodbjeglom \u0161efu organizovane kriminalne grupe\u201c po vi\u0161estruko ve\u0107oj cijeni od tr\u017ei\u0161ne, onom koji je imao 50 000 eura minusa na kartici&#8230; krajnje je licemjerjeno. Kulturno-intelektualna elita provizorijuuma je uredno zapljeskala \u201epo\u0161tovanim\u201c.<\/p>\n<p>A onda su se pogasila svijetla i po\u010de film ve\u010deri &#8211; \u201eO beskona\u010dnosti\u201c Roja Andersona. Ti\u0161inu je ubrzo zamjenio tihi \u017eamor i kome\u0161anje. Film je bio bez titla. Poslije desetak minuta upali\u0161e se svijetla, uslijedilo je izvinjenje uz obe\u0107anje da \u0107e problem ubrzo biti otklonjen. Opet krenu projekcija, opet nema titla. Nas nekoliko ustadosmo i napustismo salu, gaze\u0107i i gu\u017evaju\u0107i onu ve\u0107inu koja je odlu\u010dili jo\u0161 da \u010deka u sjedi\u0161tima CNP, u kojima, dok sjedite, ne mo\u017ee komarac pro\u0107i izme\u0111u koljena i sjedi\u0161ta ispred. A tek kako je \u010dovjeku da se provu\u010de!<\/p>\n<p>U jednu ruku sam se zloradovao \u0161to je pro\u0161lo sve tako, zbog po\u0161tovanja ukazanom onom i onima koji su za zatvor, ali sam osje\u0107ao i blam zbog gosta ve\u010deri, \u010dileansko-danskog direktora fotografije Manuela Alberta Klara, snimatelja u nekoliko filmova Larsa von Trira.<\/p>\n<p>Vjerujem da su ljudi koji su operativno radili na organizaciji festivala uradili sve da do sino\u0107njeg fijaska na otvaranju ne do\u0111e, ali, eto, de\u0161avaju se takve stvari. I onda kada se ne kuburi sa materijelanim sredstvima, i kada se ima podr\u0161ka institucija, i kada sve rade cijeli \u00a0timovi pla\u0107eni za to. Znam i da se bez materijalne podr\u0161ke \u201einstitucija\u201c ne mogu realizovati ovakvi projekti, ali ipak treba imati mjere u \u201epo\u0161tovanjima\u201c, da kulturni doga\u0111aji budu kulturni a ne ki\u010derajski, \u00a0politi\u010dko-promotivni.<\/p>\n<p>Uz sve navedeno, novac koji se daje za ovakve doga\u0111aje je na\u0161, gra\u0111ana, a ne Brajovi\u0107a, Bogdanovi\u0107a, Vukovi\u0107a.<\/p>\n<p>Izlaze\u0107i iz sale, rezigniran, palo mi je na pamet jedno pore\u0111enje. Potpuni amateri i volonteri, bez iskustva sa organizovanjem ve\u0107ih protesta i bez novca, krenuli smo u njihovu realizaciju. Opstrukcija je bilo sa svih o\u010dekivanih i zvani\u010dnih strana, ali i neo\u010dekivanih \u2013 od dijela opozicije. Protesti su bili na otvorenom, tako da, prijavljuju\u0107i ih po zakonu minimalno pet dana ranije, nikada nijesmo znali kakvo nas vrijeme o\u010dekuje na dan protesta. Trebalo je u potpunoj materijalnoj zavisnosti od opozicije i nesigurnih donacija, obezbijediti: binu, ozvu\u010denje, propagandni materijal, snimiti i montirati video i tonske materijale, nabaviti projektor i platno, organizovati prevoz, nabaviti megafone, baklje, osmisliti i izraditi transparente, obezbijediti strujne priklju\u010dke, redare, govornike od kojih bi po pravilu neki otkazivali u poslednjem momentu&#8230; Pri tome, kako su protesti protiv vlasti koja dr\u017ei sve pod kontrolom i strahom, do posljednjeg momenta ne bi znali da li \u0107emo dobiti tra\u017eeni elektri\u010dni priklju\u010dak, da li \u0107e oni sa kojim bi ugovorili binu i ozvu\u010denje odustati od dogovora. Prevoznici bi zbog straha, skoro po pravilu,\u00a0 odbijali da voze u\u010desnike protesta iz drugih crnogorskih gradova ili bi napla\u0107ivali prevoz po mnogo ve\u0107oj od realne cijene.<\/p>\n<p>Uprkos svemu navedenenom, uspjeli smo ih organizovati \u010detrnaest, bez nekih ve\u0107ih organizacionih i tehni\u010dkih problema i nedostataka. Za to vrijeme, du\u0161ebri\u017enici na dru\u0161tvenim mre\u017eama, opozicionari poznatiji kao buntovnici iz fotelje, stalno bi nalazili zamjerke, \u010dak i one tehni\u010dke-organizacione prirode, \u00a0sipaju\u0107i\u00a0 na organizatore drvlje i kamenje, optu\u017euju\u0107i ih za sve i sva\u0161ta. Vi\u0161e \u0161tete su protestima napravili ovi tastaturni opozicionari i danas ve\u0107 prepoznati dio opozicije, od kompletne medijske i druge hajke koju je pokrenuo re\u017eim. Re\u017eimska hajka je upravo iritirala gra\u0111ane da se jo\u0161 masovnije i \u010dvr\u0161\u0107e priklju\u010de protestima, a opoziciona ih je dovodila u nevjerice i nedumice oko motiva protesta, namjera pokreta\u010da.<\/p>\n<p>Na tih \u010detrnaest protesta bilo je sijaset organizacionih gre\u0161aka, pogre\u0161nih poteza i odluka, ali nijedna kardinalna, i svaki najavljeni protest je odr\u017ean. U rijeci gra\u0111ana, koja je u ukupnom broju na svim protestima prema\u0161ila cifru od 150 000, nije bilo nijedne ozbiljne povrede nekog od u\u010desnika, nijednog ve\u0107eg incidenta, sa govornice nije odaslata niti jedna poruka mr\u017enje prema bilo kome.<\/p>\n<p>Ukupni tro\u0161kovi organizacije svih protesta iznosili su ispod 50 000 eura, a to je npr. samo polovinu novca koji mjese\u010dno iz bud\u017eeta dobija najve\u0107i opozicioni savez. Siguran sam i, iako uporedba nije najumjesnija, da je to manje novca nego je obezbije\u0111eno za ovaj festival filma, na kome se prvog dana desio kardinalan propust zbog koga je raspu\u0161tena publika na filmu koji je trebao premijerno otvoriti festival.<\/p>\n","protected":false},"excerpt":{"rendered":"<p>Pi\u0161e: Omer \u0160ARKI\u0106<\/p>\n","protected":false},"author":12,"featured_media":0,"comment_status":"open","ping_status":"closed","sticky":false,"template":"","format":"standard","meta":{"_seopress_robots_primary_cat":"","_seopress_titles_title":"","_seopress_titles_desc":"","_seopress_robots_index":"","_et_pb_use_builder":"","_et_pb_old_content":"","_et_gb_content_width":"","inline_featured_image":false,"footnotes":""},"categories":[17],"tags":[],"class_list":["post-279252","post","type-post","status-publish","format-standard","hentry","category-blogovi"],"_links":{"self":[{"href":"https:\/\/www.pcnen.com\/portal\/wp-json\/wp\/v2\/posts\/279252","targetHints":{"allow":["GET"]}}],"collection":[{"href":"https:\/\/www.pcnen.com\/portal\/wp-json\/wp\/v2\/posts"}],"about":[{"href":"https:\/\/www.pcnen.com\/portal\/wp-json\/wp\/v2\/types\/post"}],"author":[{"embeddable":true,"href":"https:\/\/www.pcnen.com\/portal\/wp-json\/wp\/v2\/users\/12"}],"replies":[{"embeddable":true,"href":"https:\/\/www.pcnen.com\/portal\/wp-json\/wp\/v2\/comments?post=279252"}],"version-history":[{"count":5,"href":"https:\/\/www.pcnen.com\/portal\/wp-json\/wp\/v2\/posts\/279252\/revisions"}],"predecessor-version":[{"id":279257,"href":"https:\/\/www.pcnen.com\/portal\/wp-json\/wp\/v2\/posts\/279252\/revisions\/279257"}],"wp:attachment":[{"href":"https:\/\/www.pcnen.com\/portal\/wp-json\/wp\/v2\/media?parent=279252"}],"wp:term":[{"taxonomy":"category","embeddable":true,"href":"https:\/\/www.pcnen.com\/portal\/wp-json\/wp\/v2\/categories?post=279252"},{"taxonomy":"post_tag","embeddable":true,"href":"https:\/\/www.pcnen.com\/portal\/wp-json\/wp\/v2\/tags?post=279252"}],"curies":[{"name":"wp","href":"https:\/\/api.w.org\/{rel}","templated":true}]}}