{"id":279179,"date":"2019-12-03T10:44:31","date_gmt":"2019-12-03T09:44:31","guid":{"rendered":"https:\/\/www.pcnen.com\/portal\/?p=279179"},"modified":"2019-12-03T10:44:31","modified_gmt":"2019-12-03T09:44:31","slug":"vesna-medenica-23-i-24","status":"publish","type":"post","link":"https:\/\/www.pcnen.com\/portal\/2019\/12\/03\/vesna-medenica-23-i-24\/","title":{"rendered":"Vesna Medenica &#8211; 23. i 24."},"content":{"rendered":"<p>Crna Gora ve\u0107 deceniju stalno napreduje u ispunjavanju uslova za priklju\u010denje Evropskoj uniji, \u0161to je dr\u017eavni cilj koji nema alternative. I o\u010duvanje SFRJ, a zatim SRJ, svojevremeno,\u00a0 bio je na\u0161 dr\u017eavni cilj bez alternative. A najgore je kada nemate alternativu. Gra\u0111ani Crne Gore je na\u017ealost nemaju, zato sve vi\u0161e, glavom bez obzira, bje\u017ee iz nje.<\/p>\n<p>Poslije deset godina stalnog napretka, ne zna se da li \u0107emo i kada u\u0107i u Evropsku uniju. Nikako da zatvorimo glavna poglavlja 23. i 24. &#8211; temeljna prava, pravda, sloboda i sigurnost. I pored toga \u0161to nam je Vesna Medenica sve i sja u sudstvu.<\/p>\n<p>Od funkcije VDT-a u dva mandata, do predsjednice Vrhovnog suda u tri, Medenica vedri i obla\u010di. Uglavnom obla\u010di, jer se kod nas ne vedri &#8211; zato je ovoliko ki\u0161e i poplava.<\/p>\n<p>Vesna ja prvo, kada je do\u0161la na mjesto VDT-a, svoj mandat potro\u0161ila u potpisivanju protokola sa dr\u017eavnim tu\u017eiocima drugih dr\u017eava. Svako malo smo u medijima, koji 30 godina vode hibridni rat protiv svojih gra\u0111ana, a u \u010demu prednja\u010di tzv. Javni servis, slu\u0161ali i gledali kako je VDT u liku Vesne Medenice potpisao jo\u0161 jedan me\u0111unarodni ugovor o saradnji.<\/p>\n<p>Putuju\u0107i po svijetu od na\u0161eg novca, Medenica je potpisivala ugovore, pa nije stizala da se bavi onim zbog \u010dega je prvenstveno pla\u0107amo, a to je pokretanje postupaka protiv nosioca op\u0161te plja\u010dke, upravo ljudi iz njenog najbli\u017eeg tada\u0161njeg, a posebno sada\u0161njeg okru\u017eenja. Umjesto da ih hapsi, Medenica je sa njima ulazila u poslovne aran\u017emane. Od poslavanja sa Prvom bankom, osnovanom 1901. (da ne zaboravite datum osnivanja), do poslova sa \u201ckontroverznim biznismenima\u201c \u010cedom Popovi\u0107em i Zoranom \u0106o\u0107om Be\u0107irovi\u0107em. Vesna od pravde je ulazila u poslovne aran\u017emane sa njima, isklju\u010divo da bi obezbjedila egzistenciju djece, a njenoj djeci su, za razliku od na\u0161e, potrebne stotine hiljada eura. Za egzistenciju, mislim. Usput, neki, \u010dak i ovi na\u0161i \u201cevropski prijatelji\u201c, ka\u017eu da je Vesnin tre\u0107i mandat na mjestu predsjednice Vrhovnog suda neustavan.<\/p>\n<p>Sumnjam da bi gospo\u0111a Medenica uradila ne\u0161to mimo Ustava i prava, jer je ona, prosto, oli\u010denje crnogorske pravde na putu ka Evropi. Prije bih posumnjao da se i EU, pored Rusije, uklju\u010dila u hibridni rat protiv Crne Gore, kako bi dezavuisala i uru\u0161ila na\u0161e institucije. A zna se da \u201ckada ru\u0161ite institucije, ru\u0161ite i dr\u017eavu\u201c \u2013 dobro je to primjetio najbudniji i najdugovje\u010dniji \u010duvar na\u0161ih institucija, predsjednik DPS-a i svih gra\u0111ana, \u0110ukanovi\u0107.<\/p>\n<p>Uprkos svim naporima koje na\u0161a sudska i izvr\u0161na vlast ula\u017eu da ispune sva poglavlja za pristupanje EU, gra\u0111ani sve vi\u0161e dobijaju po glavi, na ovaj ili onaj na\u010din. One za koje svi znamo da su plja\u010dkom i korupcijom stvorili bogatstvo &#8211; niko ne dira. Poslednjim sudijama, tu\u017eiocima i vje\u0161tacima koji se odupiru i \u017eele da rade \u010dasno i po zakonu, \u0161alje se jasna poruka da tako ne\u0107e mo\u0107i. Tako im Vesna, sa mjesta predsjednice Vrhovnog suda, javno daje instrukcije da ne mogu ocjenjicvati odluke Skup\u0161tine o izboru i smjenama funkcionera, stavljaju\u0107i time i formalno Skup\u0161tinu van zakona.<\/p>\n<p>Finale svega i \u201cravnopravnog tretmana gra\u0111ana pred nezavisnim tu\u017eila\u0161tvom i sudstvom\u201c, na\u0161 pravosudni sistem demonstrira u slu\u010dajevima, kada npr. sin ministra policije, na javnoj priredbi, me\u0111unarodnoj utakmici, pred 5000 gledalaca i kamerama izazove incident koji ostane neka\u017enjen i neprocesuiran. Ili kada biv\u0161i gradona\u010delnik Miomir Mugo\u0161a, ispred sudnice zaprijeti vje\u0161taku u postupku sa \u201cplati\u0107e\u0161 mi, ti\u201c, odnosno kada Vesnin ku\u0107ni i poslovni prijatelj Zoran Be\u0107irovi\u0107 telefonom uputi prijetnje vje\u0161taku u predmetu a ne bude pritvoren i procesuiran po hitnom postupku. U na\u0161em ispunjenju evropskih standarda postalo je normalno i da \u201ckontroverzni biznismen\u201c Dejan Ban o\u0161amari policajca na du\u017enosti a da ostane na slobodi, i da se slu\u010daj, o\u010digledno zata\u0161ka.<\/p>\n<p>Ali da, ipak, napredujemo u ispunjenju standarda pokazuju primjeri kada policija i pravosudni organi ekspresno reaguju: na slu\u010dajeve prijetnji\u00a0 izre\u010dene pod pseudonimom na portalima ogor\u010denih i anonimnih gra\u0111ana, koji te prijetnje o\u010digledno nemaju namjere niti mo\u0107i da ostvare. Hitnim otkrivanjima, hap\u0161enjima i procesuiranjima, dr\u017eava tada poka\u017ee svu svoju snagu i mo\u0107, a i statistika se pobolj\u0161a.<\/p>\n<p>Kada se protiv Medenice, Stankovi\u0107a i dobrog dijela njihovih poslovnih i li\u010dnih prijtelja budu pokrenule i otvorile istrage, tada \u0107emo mo\u0107i ispuniti poglavlja 23. i 24.<\/p>\n<p>Po\u0161tovani gra\u0111ani, sami procjenite kada \u0107e to biti i kolike su nam \u0161anse na na\u0161em \u201cputu bez alternative\u201c.<\/p>\n","protected":false},"excerpt":{"rendered":"<p>Pi\u0161e: Omer \u0160ARKI\u0106<\/p>\n","protected":false},"author":12,"featured_media":0,"comment_status":"open","ping_status":"closed","sticky":false,"template":"","format":"standard","meta":{"_seopress_robots_primary_cat":"","_seopress_titles_title":"","_seopress_titles_desc":"","_seopress_robots_index":"","_et_pb_use_builder":"","_et_pb_old_content":"","_et_gb_content_width":"","inline_featured_image":false,"footnotes":""},"categories":[17],"tags":[],"class_list":["post-279179","post","type-post","status-publish","format-standard","hentry","category-blogovi"],"_links":{"self":[{"href":"https:\/\/www.pcnen.com\/portal\/wp-json\/wp\/v2\/posts\/279179","targetHints":{"allow":["GET"]}}],"collection":[{"href":"https:\/\/www.pcnen.com\/portal\/wp-json\/wp\/v2\/posts"}],"about":[{"href":"https:\/\/www.pcnen.com\/portal\/wp-json\/wp\/v2\/types\/post"}],"author":[{"embeddable":true,"href":"https:\/\/www.pcnen.com\/portal\/wp-json\/wp\/v2\/users\/12"}],"replies":[{"embeddable":true,"href":"https:\/\/www.pcnen.com\/portal\/wp-json\/wp\/v2\/comments?post=279179"}],"version-history":[{"count":2,"href":"https:\/\/www.pcnen.com\/portal\/wp-json\/wp\/v2\/posts\/279179\/revisions"}],"predecessor-version":[{"id":279181,"href":"https:\/\/www.pcnen.com\/portal\/wp-json\/wp\/v2\/posts\/279179\/revisions\/279181"}],"wp:attachment":[{"href":"https:\/\/www.pcnen.com\/portal\/wp-json\/wp\/v2\/media?parent=279179"}],"wp:term":[{"taxonomy":"category","embeddable":true,"href":"https:\/\/www.pcnen.com\/portal\/wp-json\/wp\/v2\/categories?post=279179"},{"taxonomy":"post_tag","embeddable":true,"href":"https:\/\/www.pcnen.com\/portal\/wp-json\/wp\/v2\/tags?post=279179"}],"curies":[{"name":"wp","href":"https:\/\/api.w.org\/{rel}","templated":true}]}}