{"id":279153,"date":"2019-12-02T21:10:48","date_gmt":"2019-12-02T20:10:48","guid":{"rendered":"https:\/\/www.pcnen.com\/portal\/?p=279153"},"modified":"2019-12-02T21:10:48","modified_gmt":"2019-12-02T20:10:48","slug":"birn-uhvatio-u-lazi-predsjednika-vucica","status":"publish","type":"post","link":"https:\/\/www.pcnen.com\/portal\/2019\/12\/02\/birn-uhvatio-u-lazi-predsjednika-vucica\/","title":{"rendered":"BIRN uhvatio u la\u017ei predsjednika Vu\u010di\u0107a"},"content":{"rendered":"<p>Misterija \u0161ta ta\u010dno otac srbijanskog ministra policije radi u kompaniji GIM kona\u010dno je razrije\u0161ena. Branko Stefanovi\u0107 nije \u201cobi\u010dni zaposleni\u201c, kako je rekao predsjednik Srbije Aleksandar Vu\u010di\u0107. Nije ta\u010dno ni da nema nikakve veze sa tom firmom za prodaju oru\u017eja, kako tvrdi njegov sin Neboj\u0161a Stefanovi\u0107.<\/p>\n<p>Dokumenta do kojih je do\u0161ao BIRN pokazuju da je Branko Stefanovi\u0107 u svojstvu pravnog savjetnika bio u delegaciji GIM-a koja je otputovala u Rijad po\u010detkom juna 2018. godine. Sa njim su putovali Goran Todorovi\u0107, vlasnik firme i Dragan \u0110uri\u0107, direktor prodaje. <a href=\"https:\/\/javno.rs\/istrazivanja\/branko-stefanovic-pravni-savetnik-gim-a-u-saudijskoj-arabiji\">prenosi portal Javno.<\/a><\/p>\n<p>Njihov cilj bio je da sa predstavnicima saudijske firme Remas LTD ugovore nove poslove.<\/p>\n<p>Podaci o zvani\u010dnoj Stefanovi\u0107evoj funkciji nalaze se u zahtjevu za dobijanje saudijske vize i u samoj vizi, \u010dime se jo\u0161 jednom nedvosmisleno potvr\u0111uje njegova uloga u poslovima me\u0111unarodne trgovine oru\u017ejem i pozicija u GIM-u.<\/p>\n<p>Ni Stefanovi\u0107, ni Todorovi\u0107, kao ni vlasnik saudijske firme nisu htjeli da govore za BIRN, dok se Dragan \u0110uki\u0107 javio i rekao da nema komentar.<\/p>\n<p>Cijena po kojoj GIM preprodaje mine saudijskim partnerima skoro je duplo ve\u0107a od one po kojoj je mine tog kalibra 2018. nabavljao od \u2018Kru\u0161ika\u2019, pokazuje dokumentacija kojom raspola\u017ee BIRN.<\/p>\n<p>Iz faktura GIM-a nije, me\u0111utim, mogu\u0107e zaklju\u010diti da li se cijene odnose na mine iz ugovora sa \u2018Kru\u0161ikom\u2019 iz te 2018. godine ili je GIM sa \u2018Kru\u0161ikom\u2019 sklopio nove ugovore.<\/p>\n<p>\u2018Kru\u0161ik\u2019 preduze\u0107u GIM prodaje mine po privilegovanim cijenama i na svoju \u0161tetu, o \u010demu je BIRN ve\u0107 izvje\u0161tavao.<\/p>\n","protected":false},"excerpt":{"rendered":"<p>Dokumenta do kojih je do\u0161ao BIRN pokazuju da je Branko Stefanovi\u0107 u svojstvu pravnog savjetnika bio u delegaciji GIM-a<\/p>\n","protected":false},"author":1,"featured_media":0,"comment_status":"open","ping_status":"closed","sticky":false,"template":"","format":"standard","meta":{"_seopress_robots_primary_cat":"","_seopress_titles_title":"","_seopress_titles_desc":"","_seopress_robots_index":"","_et_pb_use_builder":"","_et_pb_old_content":"","_et_gb_content_width":"","inline_featured_image":false,"footnotes":""},"categories":[14,12],"tags":[],"class_list":["post-279153","post","type-post","status-publish","format-standard","hentry","category-vijesti","category-prica-dana"],"_links":{"self":[{"href":"https:\/\/www.pcnen.com\/portal\/wp-json\/wp\/v2\/posts\/279153","targetHints":{"allow":["GET"]}}],"collection":[{"href":"https:\/\/www.pcnen.com\/portal\/wp-json\/wp\/v2\/posts"}],"about":[{"href":"https:\/\/www.pcnen.com\/portal\/wp-json\/wp\/v2\/types\/post"}],"author":[{"embeddable":true,"href":"https:\/\/www.pcnen.com\/portal\/wp-json\/wp\/v2\/users\/1"}],"replies":[{"embeddable":true,"href":"https:\/\/www.pcnen.com\/portal\/wp-json\/wp\/v2\/comments?post=279153"}],"version-history":[{"count":1,"href":"https:\/\/www.pcnen.com\/portal\/wp-json\/wp\/v2\/posts\/279153\/revisions"}],"predecessor-version":[{"id":279155,"href":"https:\/\/www.pcnen.com\/portal\/wp-json\/wp\/v2\/posts\/279153\/revisions\/279155"}],"wp:attachment":[{"href":"https:\/\/www.pcnen.com\/portal\/wp-json\/wp\/v2\/media?parent=279153"}],"wp:term":[{"taxonomy":"category","embeddable":true,"href":"https:\/\/www.pcnen.com\/portal\/wp-json\/wp\/v2\/categories?post=279153"},{"taxonomy":"post_tag","embeddable":true,"href":"https:\/\/www.pcnen.com\/portal\/wp-json\/wp\/v2\/tags?post=279153"}],"curies":[{"name":"wp","href":"https:\/\/api.w.org\/{rel}","templated":true}]}}