{"id":278842,"date":"2019-11-28T10:50:40","date_gmt":"2019-11-28T09:50:40","guid":{"rendered":"https:\/\/www.pcnen.com\/portal\/?p=278842"},"modified":"2019-11-28T10:52:27","modified_gmt":"2019-11-28T09:52:27","slug":"darmanovic-pricacemo-o-kaznama-kad-cujem-ambasadore","status":"publish","type":"post","link":"https:\/\/www.pcnen.com\/portal\/2019\/11\/28\/darmanovic-pricacemo-o-kaznama-kad-cujem-ambasadore\/","title":{"rendered":"Darmanovi\u0107: Pri\u010da\u0107emo o kaznama kad \u010dujem ambasadore"},"content":{"rendered":"<p>Ministar vanjskih poslova Sr\u0111an Darmanovi\u0107 je kazao da \u0107e, nakon razgovora sa ambasadorima Miodragom Vlahovi\u0107em, Neboj\u0161om Kalu\u0111erovi\u0107em i \u017deljkom Perovi\u0107em, odlu\u010diti da li \u0107e ih ministarstvo kazniti zbog javnih istupa.<\/p>\n<p>Darmanovi\u0107 je u <a href=\"https:\/\/www.vijesti.me\/vijesti\/politika\/pricacemo-o-kaznama-kad-cujem-ambasadore\">razgovoru za Vijesti<\/a> kazao da ne o\u010dekuje zastoj u evropskim integracijama, kao i da ne\u0107e biti diplomatskih pritisaka na Srbiju kako bi izru\u010dila Svetozara Marovi\u0107a.<\/p>\n<p>\u201cMinistarstvo vanjskih poslova je na ovu temu ve\u0107 iznijelo svoj stav, a<a href=\"https:\/\/www.pcnen.com\/portal\/2019\/11\/25\/markovic-neprimjerena-reakcija-trojice-ambasadora\/\"> i predsjednik Vlade<\/a>. Ja sam zaista bio iznena\u0111en, s obzirom na to da se radi o veoma iskusnim diplomatama. Nije sporno da privatno mo\u017eete da pomognete kome ho\u0107ete, ali \u0161to se ti\u010de javnih istupa, stvari stoje druga\u010dije. \u010citava situacija je najprije su\u0161tinski sporna, imaju\u0107i u vidu da ambasadori Crne Gore predstavljaju gra\u0111ansku i multietni\u010dku dr\u017eavu. Pogotovo je sporna profesionalno, jer je postupanje na svoju ruku, bez obavje\u0161tenja, a kamoli konsultacije sa mati\u010dnom ku\u0107om, neodgovorno. U ovom slu\u010daju, vrlo je mogu\u0107e da se radi o kr\u0161enju Zakona o vanjskim poslovima. Ako se nakon razgovora koje budemo imali ispostavi da je o tome rije\u010d, vjerovatno \u0107e do\u0107i do procedura propisanih zakonom\u201d, kazao je Darmanovi\u0107.<\/p>\n<p>\u201cJa to ne mogu to da prejudiciram. Ove nedjelje <a href=\"https:\/\/www.pcnen.com\/portal\/2019\/11\/26\/mvp-ambasadori-pozvani-na-razgovor\/\">\u0107emo imati razgovor i vidje\u0107emo<\/a> \u0161ta \u0107e iz toga proiza\u0107i. Nisam ba\u0161 po prirodi sklon da prvo razmi\u0161ljam o sankcijama, ali je ovo situacija koja je imala dosta \u0161iroke implikacije, o kojoj se <a href=\"https:\/\/www.pcnen.com\/portal\/2019\/11\/25\/ombudsman-kritikovao-postupak-ambasadora\/\">izjasnio ombdusman<\/a>, reagovale politi\u010dke partije i organizacije civilnog dru\u0161tva, pokrenuta inicijativa<a href=\"https:\/\/www.pcnen.com\/portal\/2019\/11\/27\/darmanovic-spreman-za-kontrolno-saslusanje\/\"> za kontrolno saslu\u0161anje pred skup\u0161tinskim<\/a> odborom, i sve to zahtijeva punu ozbiljnost u daljem postupanju\u201d, rekao je Darmanovi\u0107 i dodao da &#8220;moramo prvo da obavimo razgovor sa svojim kolegama i da utvrdimo \u0161ta se de\u0161avalo&#8221;.<\/p>\n","protected":false},"excerpt":{"rendered":"<p>Vrlo je mogu\u0107e da se radi o kr\u0161enju Zakona o vanjskim poslovima<\/p>\n","protected":false},"author":1,"featured_media":0,"comment_status":"open","ping_status":"closed","sticky":false,"template":"","format":"standard","meta":{"_seopress_robots_primary_cat":"","_seopress_titles_title":"","_seopress_titles_desc":"","_seopress_robots_index":"","_et_pb_use_builder":"","_et_pb_old_content":"","_et_gb_content_width":"","inline_featured_image":false,"footnotes":""},"categories":[14],"tags":[],"class_list":["post-278842","post","type-post","status-publish","format-standard","hentry","category-vijesti"],"_links":{"self":[{"href":"https:\/\/www.pcnen.com\/portal\/wp-json\/wp\/v2\/posts\/278842","targetHints":{"allow":["GET"]}}],"collection":[{"href":"https:\/\/www.pcnen.com\/portal\/wp-json\/wp\/v2\/posts"}],"about":[{"href":"https:\/\/www.pcnen.com\/portal\/wp-json\/wp\/v2\/types\/post"}],"author":[{"embeddable":true,"href":"https:\/\/www.pcnen.com\/portal\/wp-json\/wp\/v2\/users\/1"}],"replies":[{"embeddable":true,"href":"https:\/\/www.pcnen.com\/portal\/wp-json\/wp\/v2\/comments?post=278842"}],"version-history":[{"count":3,"href":"https:\/\/www.pcnen.com\/portal\/wp-json\/wp\/v2\/posts\/278842\/revisions"}],"predecessor-version":[{"id":278845,"href":"https:\/\/www.pcnen.com\/portal\/wp-json\/wp\/v2\/posts\/278842\/revisions\/278845"}],"wp:attachment":[{"href":"https:\/\/www.pcnen.com\/portal\/wp-json\/wp\/v2\/media?parent=278842"}],"wp:term":[{"taxonomy":"category","embeddable":true,"href":"https:\/\/www.pcnen.com\/portal\/wp-json\/wp\/v2\/categories?post=278842"},{"taxonomy":"post_tag","embeddable":true,"href":"https:\/\/www.pcnen.com\/portal\/wp-json\/wp\/v2\/tags?post=278842"}],"curies":[{"name":"wp","href":"https:\/\/api.w.org\/{rel}","templated":true}]}}