{"id":278703,"date":"2019-11-26T11:53:22","date_gmt":"2019-11-26T10:53:22","guid":{"rendered":"https:\/\/www.pcnen.com\/portal\/?p=278703"},"modified":"2019-11-26T11:53:22","modified_gmt":"2019-11-26T10:53:22","slug":"mvp-ambasadori-pozvani-na-razgovor","status":"publish","type":"post","link":"https:\/\/www.pcnen.com\/portal\/2019\/11\/26\/mvp-ambasadori-pozvani-na-razgovor\/","title":{"rendered":"MVP: Ambasadori pozvani na razgovor"},"content":{"rendered":"<p>Ambasadori <a href=\"http:\/\/MVP: Ambasadori pozvani na razgovor\">Miodrag Vlahovi\u0107, Neboj\u0161a Kalu\u0111erovi\u0107 i \u017deljko Perovi\u0107<\/a> pozvani su na razgovor u Ministarstvo vanjskih poslova, nakon \u010dega \u0107e Ministarstvo donijeti odluku o daljim koracima, u skladu sa uobi\u010dajenom praksom i Zakonom o vanjskim poslovima, saop\u0161teno je iz MVP.<\/p>\n<p>Oni su pozvani na razgovor zbog javnog ogla\u0161avanja o <a href=\"https:\/\/www.pcnen.com\/portal\/2019\/11\/22\/mirna-nikcevic-za-uvrede-vjernika-spc-kaznjena-sa-600-eura\/\">pla\u0107anju kazne od 600 eura, izre\u010dene Mirni Nik\u010devi\u0107.<\/a><\/p>\n<p>&#8220;Ministarstvo vanjskih poslova nije, ni na koji na\u010din, u bilo kom trenutku, bilo upoznato sa stavovima trojice ambasadora iznesenim u njihovom zajedni\u010dkom javnom ogla\u0161avanju, niti su izre\u010deni stavovi bili predmet konsultacija u okviru MVP-a, \u0161to je suprotno dobroj praksi i svim poznatim uzusima svake ozbiljne, profesionalne i odgovorne diplomatije&#8221;, saop\u0161teno je iz Ministarstva, prenosi RTCG.<\/p>\n<p>Kako se navodi, svi ambasadori i sve diplomate, a posebno oni najiskusniji i na najva\u017enijim mjestima i u MVP-u i u diplomatsko-konzularnoj mre\u017ei, moraju biti svjesni da ovaj poziv, i u profesionalnoj i u li\u010dnoj ravni, podrazumijeva odgovornost, ozbiljnost i po\u0161tovanje dr\u017eave, svih njenih institucija, svih njenih politika i svih njenih gra\u0111ana, bez izuzetka.<\/p>\n<p>Prostor za, kako ka\u017eu, improvizacije, li\u010dne stavove i li\u010dne sudove na javnoj sceni, ako i kada ga ima, mora biti kori\u0161\u0107en uz krajnju odgovornost i delikatnost, \u0161to je, u ovom slu\u010daju, izostalo.<\/p>\n<p>&#8220;Svako javno istupanje crnogorskih diplomata mora biti utemeljeno na osnovnom na\u010delu za\u0161tite interesa i ugleda dr\u017eave Crne Gore, njenih organa i institucija, ali i na vrijednostima njenog gra\u0111anskog ustrojstva&#8221;, napominju iz Ministarstva.<\/p>\n","protected":false},"excerpt":{"rendered":"<p>Svako javno istupanje crnogorskih diplomata mora biti utemeljeno na osnovnom na\u010delu za\u0161tite interesa i ugleda dr\u017eave Crne Gore, njenih organa i institucija<\/p>\n","protected":false},"author":1,"featured_media":0,"comment_status":"open","ping_status":"closed","sticky":false,"template":"","format":"standard","meta":{"_seopress_robots_primary_cat":"","_seopress_titles_title":"","_seopress_titles_desc":"","_seopress_robots_index":"","_et_pb_use_builder":"","_et_pb_old_content":"","_et_gb_content_width":"","inline_featured_image":false,"footnotes":""},"categories":[14],"tags":[],"class_list":["post-278703","post","type-post","status-publish","format-standard","hentry","category-vijesti"],"_links":{"self":[{"href":"https:\/\/www.pcnen.com\/portal\/wp-json\/wp\/v2\/posts\/278703","targetHints":{"allow":["GET"]}}],"collection":[{"href":"https:\/\/www.pcnen.com\/portal\/wp-json\/wp\/v2\/posts"}],"about":[{"href":"https:\/\/www.pcnen.com\/portal\/wp-json\/wp\/v2\/types\/post"}],"author":[{"embeddable":true,"href":"https:\/\/www.pcnen.com\/portal\/wp-json\/wp\/v2\/users\/1"}],"replies":[{"embeddable":true,"href":"https:\/\/www.pcnen.com\/portal\/wp-json\/wp\/v2\/comments?post=278703"}],"version-history":[{"count":0,"href":"https:\/\/www.pcnen.com\/portal\/wp-json\/wp\/v2\/posts\/278703\/revisions"}],"wp:attachment":[{"href":"https:\/\/www.pcnen.com\/portal\/wp-json\/wp\/v2\/media?parent=278703"}],"wp:term":[{"taxonomy":"category","embeddable":true,"href":"https:\/\/www.pcnen.com\/portal\/wp-json\/wp\/v2\/categories?post=278703"},{"taxonomy":"post_tag","embeddable":true,"href":"https:\/\/www.pcnen.com\/portal\/wp-json\/wp\/v2\/tags?post=278703"}],"curies":[{"name":"wp","href":"https:\/\/api.w.org\/{rel}","templated":true}]}}