{"id":278488,"date":"2019-11-23T17:29:14","date_gmt":"2019-11-23T16:29:14","guid":{"rendered":"https:\/\/www.pcnen.com\/portal\/?p=278488"},"modified":"2019-11-23T17:29:14","modified_gmt":"2019-11-23T16:29:14","slug":"cg-stranke-osudile-odluku-ambasadora-da-plate-kaznu-nikcevic","status":"publish","type":"post","link":"https:\/\/www.pcnen.com\/portal\/2019\/11\/23\/cg-stranke-osudile-odluku-ambasadora-da-plate-kaznu-nikcevic\/","title":{"rendered":"CG: Stranke osudile odluku ambasadora da plate kaznu Nik\u010devi\u0107"},"content":{"rendered":"<p>SNP, Ujedinjena Crna Gora i DNP su osudili potez ambasadora Crne Gore u Vatikanu, SAD i Austriji Miodraga Vlahovi\u0107a, Neboj\u0161e Kalu\u0111erovi\u0107a i \u017deljka Perovi\u0107a d<a href=\"https:\/\/www.pcnen.com\/portal\/2019\/11\/22\/diplomatska-solidarnost\/\">a plate sudsku kaznu biv\u0161oj slu\u017ebenici crnogorske ambasade u Ankari<\/a> Mirni Nik\u010devi\u0107, koja je ka\u017enjena zbog vrije\u0111anja vjerskih osje\u0107anja, ugro\u017eavanja javnog reda i mira i ugro\u017eavanja li\u010dne bezbjednosti.<\/p>\n<p>&#8220;S obzirom da su ambasadori izjavili da na ovaj na\u010din poma\u017eu samohranoj majci i dr\u017eavi Crnoj Gori od konstantnih napada na njenu istoriju, kulturu i identitet, SNP ih poziva da ka\u017eu da li ovim aktom podr\u017eavaju Nik\u010devi\u0107kino mi\u0161ljenje o ve\u0107inskom pravoslavnom stanovni\u0161tvu Crne Gore zbog kojeg je i osu\u0111ena, te da li smatraju da je korektno da novac kojim ih pla\u0107aju gra\u0111ani tro\u0161e na pomaganje osobe koja je zbog svog pona\u0161anja sklonjena iz diplomatske slu\u017ebe i koja nastavlja da vrije\u0111a i provocira vjerni narod Crne Gore&#8221;, saop\u0161teno je iz SNP-a, prenosi RTCG.<\/p>\n<p>Iz Demokratske narodne partije su ocijenili da bi ministar vanjskih poslova trebalo da povu\u010de\u00a0 Vlahovi\u0107a, Kalu\u0111erovi\u0107a i Perovi\u0107a s du\u017enosti &#8220;jer njihovo skandalozno provociranje i doniranje za raspirivanje mr\u017enje po Crnoj Gori, prema vjernicima Mitropolije crnogorsko-primorske i Srpske pravoslavne crkve u Crnoj Gori, zaslu\u017euje svaku osudu&#8221;.<\/p>\n<p>Iz Ujedinjene Crne Gore su saop\u0161tili da su ambasadori, &#8220;umjesto da brinu o na\u0161em dr\u017eavnom interesu u zemljama u kojima su primili agremane, vode, me\u0111utim, unutra\u0161nju politiku i to dolivaju\u0107i benzin iz svojih kanistera na jedva uga\u0161eni po\u017ear koji je na dru\u0161tvenim mre\u017eama potpalila njihova doju\u010dera\u0161nja koleginica&#8221;.<\/p>\n<p>Oni su tako\u0111e pozvali Vladu da razrje\u0161i du\u017enosti trojicu ambasadora.<\/p>\n<p>Mirna Nik\u0107evi\u0107 je osu\u0111ena zbog stavova i komentara na li\u010dnom profilu na Fejsbuku,\u00a0 nakon \u0161to je vrije\u0111ala vjernike koji su se na Troj\u010din dan okupili ispred Sabornog hrama Hristovog vaskrsenja u Podgorici.<\/p>\n","protected":false},"excerpt":{"rendered":"<p>Stranke su pozvale Vladu da razrje\u0161i du\u017enosti trojicu ambasadora.<\/p>\n","protected":false},"author":1,"featured_media":0,"comment_status":"open","ping_status":"closed","sticky":false,"template":"","format":"standard","meta":{"_seopress_robots_primary_cat":"","_seopress_titles_title":"","_seopress_titles_desc":"","_seopress_robots_index":"","_et_pb_use_builder":"","_et_pb_old_content":"","_et_gb_content_width":"","inline_featured_image":false,"footnotes":""},"categories":[14],"tags":[],"class_list":["post-278488","post","type-post","status-publish","format-standard","hentry","category-vijesti"],"_links":{"self":[{"href":"https:\/\/www.pcnen.com\/portal\/wp-json\/wp\/v2\/posts\/278488","targetHints":{"allow":["GET"]}}],"collection":[{"href":"https:\/\/www.pcnen.com\/portal\/wp-json\/wp\/v2\/posts"}],"about":[{"href":"https:\/\/www.pcnen.com\/portal\/wp-json\/wp\/v2\/types\/post"}],"author":[{"embeddable":true,"href":"https:\/\/www.pcnen.com\/portal\/wp-json\/wp\/v2\/users\/1"}],"replies":[{"embeddable":true,"href":"https:\/\/www.pcnen.com\/portal\/wp-json\/wp\/v2\/comments?post=278488"}],"version-history":[{"count":0,"href":"https:\/\/www.pcnen.com\/portal\/wp-json\/wp\/v2\/posts\/278488\/revisions"}],"wp:attachment":[{"href":"https:\/\/www.pcnen.com\/portal\/wp-json\/wp\/v2\/media?parent=278488"}],"wp:term":[{"taxonomy":"category","embeddable":true,"href":"https:\/\/www.pcnen.com\/portal\/wp-json\/wp\/v2\/categories?post=278488"},{"taxonomy":"post_tag","embeddable":true,"href":"https:\/\/www.pcnen.com\/portal\/wp-json\/wp\/v2\/tags?post=278488"}],"curies":[{"name":"wp","href":"https:\/\/api.w.org\/{rel}","templated":true}]}}