{"id":277799,"date":"2019-11-12T12:35:49","date_gmt":"2019-11-12T11:35:49","guid":{"rendered":"https:\/\/www.pcnen.com\/portal\/?p=277799"},"modified":"2019-11-12T13:06:45","modified_gmt":"2019-11-12T12:06:45","slug":"corsokak","status":"publish","type":"post","link":"https:\/\/www.pcnen.com\/portal\/2019\/11\/12\/corsokak\/","title":{"rendered":"\u0106orsokak"},"content":{"rendered":"<h2>Po izbijanju afere \u201eKoverta\u201c krenuli su najmasovniji i najdugotrajniji gra\u0111anski protesti u Crnoj Gori. Vlast je bila u panici, opozicija nespremna i zate\u010dena.<\/h2>\n<p>Kako na protestima nije bilo zastava, strana\u010dkih obelje\u017eja, identitetskih, vjerskih podjela i sli\u010dnih gluposti, protesti su vratili nadu da gra\u0111ani masovnim buntom mogu doprinijeti uspostavljanju dr\u017eave sa vladavinom prava, imovinske sigurnosti, dr\u017eave u kojoj \u0107e se odr\u017eavati fer i po\u0161teni izbori, iskorijeniti korupcija, nepotizam i partijski klijentelizam.<\/p>\n<p>Pod pritiskom gra\u0111ana, opozicija je bar na kratko prekinula me\u0111usobne sva\u0111e, sjela za isti sto, nevoljno i neiskreno potpisuju\u0107i Sporazumom o budu\u0107nosti. Da bi se do\u0161lo do tog Sporazuma bili su potrebni nedjelje pregovaranja, uz stalne opstrukcije dijela opozicije. U pregovorima je postalo o\u010digledno da bar jednom njenom dijelu, nije va\u017ena smjena vlasti i uspostavljanje pravne dr\u017eave, ve\u0107 svoj partijski rejting. Kako su protesti i zahtjevi sa protesta bili gra\u0111anski, nacionalisti\u010dki dio je u njima vidio opasanost u gubljenju svrhe svog postojanja, stoga je sve radio da oni propadnu.<\/p>\n<p>Ubrzo po potpisivanju Sporazuma, opozicija je odmah po\u010dela da ga uru\u0161ava, proizvode\u0107i i poja\u010davaju\u0107i unutaropozicione sva\u0111e. I pokret je izgubio kondiciju, psihofizi\u010dka iscrpljenost od dugotrajnih protesta poja\u010dala je unutru\u0161nje slabosti i neslaganja.<\/p>\n<p>Za svo vrijeme protesta, opozicija nije napravila ni\u0161ta samoincijativno. Nije radila na pripremi novih izbornih zakona, odr\u017eavala protestne tribine i forume; napravila tra\u017eenu vladu u sijenci, paralelnu skup\u0161tinu&#8230; Apsolutno ni\u0161ta.<\/p>\n<p>Jedan dio je finasijski i tehni\u010dki pomagao proteste, drugi dio ni to. Valjda su \u010dekali da gra\u0111ani zavr\u0161e kompletno njihov posao za koji su debelo pla\u0107eni i ustoli\u010de ih za nove vladare. A to, kao \u0161to rekoh, nije bio cilj niti namjera protesta. Ve\u0107 pravna, odgovorna i sre\u0111ena dr\u017eava u slu\u017ebi gra\u0111ana, protiv nekontrolisane vlade i vladara.<\/p>\n<p>Na jesen su izbile nove afere, ni\u0161ta manje od afere \u201eKoverta\u201c: stanovi, Vesna Medenica, VDT i sekretar Nenad Vujo\u0161evi\u0107, gra\u0111evinski inspektori i MORT&#8230;<\/p>\n<p>U svakoj pristojnoj dr\u017eavi bi poslije svih njih kompletna Vlada podnijela ostavku. Skup\u0161tini bi se skratio mandat, pod pritiskom opozicije formirala bi se vlada gra\u0111anskog jedinstva(i bez potpisanog Sporazuma). Iole pristojna opozicija bi \u010dak poja\u010dala prvobitne zahtjeve iz Sporazuma, na\u0161la minimum jedinstva, spremaju\u0107i se da preuzme vlast.<\/p>\n<p>Umjesto toga, Vlada nam je \u201estabilna\u201c i ne namjerava prihvatiti Vladu gra\u0111anskog jedinstva iz Sporazuma o budu\u0107nosti, opozicija jo\u0161 vi\u0161e posva\u0111ana i podijeljena. Ve\u0107ina potpisnika Sporazuma se vi\u0161e i ne osvr\u0107e na stavljeni potpis. Nude nova, parcijalna i uskostrana\u010dka rje\u0161enja, akcije i ideje koja zbunjuju gra\u0111ane i koje poni\u0161tavaju potpis koji su sami stavili na Sporazum.<\/p>\n<p>Demokratski front, sam, bez konsultacija sa drugim politi\u010dkim partijama i pokretom \u2018Odupri se\u2019 najavljuje nove \u201emasovne i radikalne proteste\u201c, za koje sam zna ili bi bar trebao da zna da su kao jednopartijski neizvodljivi i da nemaju kapaciteta za njih. Proteste najavljuju 24.09.2019, upravo na dan kada je opozicija pozvana da se, u skladu sa Sporazumom, a zbog neispunjenja osnovnih zahtjeva iz tog Sporazuma od strane Vlade, krene u aktivan bojkot izbora, povla\u010denje iz Skup\u0161tine i svih drugi institucija i tijela, uz stalne proteste. Nakon jo\u0161 par dana, iz DF-a saop\u0161tavaju da \u0107e protesti biti tek pred Novu godinu, toliko im valjda treba za pripremu!<\/p>\n<p>Uporedbe radi. Bez strana\u010dke infrastrukture, novca, medija, kancelarija, zaposlenih \u2013 onog \u0161to imaju sve opozicione partije, pa i DF, grupi od \u0161est gra\u0111ana je bilo potrebno samo osam dana da pripreme i krenu u proteste, februara ove godine.<\/p>\n<p>Istovremeno, Demokrate i dalje sjede u tzv. Odboru za izborno zakodavstvo, opstruiranom od strane DPS \u2013 kako sami ka\u017eu. I iako rok za izradu novog izbornog zakonodastva isti\u010de 15. novembra, pristaju da u\u010destvuju u toj farsi, sa produ\u017eenjem roka do 18. decembra. Novo izborno zakonodavstvo koje \u0107e sprovoditi institucije pod totalnom kontrolom DPS-a, bez Vlade gra\u0111anskog jedinstva!?<\/p>\n<p>Siguran sam, bez ikakve dileme, kada bi opozicija uz minimum jedinstva ispo\u0161tavala potpise koje su stavili na Sporazum, povukla se iz Skup\u0161tine, Odbora i svih drugih tijela, krenula u aktivan i bezkompromisan bojkot i proteste, DPS bi ih ubrzo molio za Vladu gra\u0111anskog jedinstva, novo izborno zakonodastvo po mjeri opozicije, te pravio mnoge druge ustupke. Time bi se vratila nada i izgubljeno povjerenje stalno varanih gra\u0111ana, a masovnost protesta bi dobila isti ili pribli\u017ean\u00a0 nivo kao na po\u010detku godine.<\/p>\n<p>Svjedoci smo, me\u0111utim, da opozicija \u010dak ne mo\u017ee ni da sjedne zajedno kako bi usaglasila i predlo\u017eila novo izborno zakonodavstvo.<\/p>\n<p>Problemi ovog dru\u0161tva su u ovakvoj opoziciji koliko i u vlasti. Opoziciji koja je za ovih 30 godina \u00a0mo\u017eda krearina da bude upravo onakva kakva je vlasti potrebna, a da bi se stvorio privid vi\u0161estrana\u010dka demokratije? Vlast je nekontrolisana i ovako drsko bahata iz prostog razloga &#8211;\u00a0 svjesna je da \u0107e sa ovakvim politi\u010dkim oponentima i protivnicima svako njeno nepo\u010dinstvo ostati neka\u017enjeno.<\/p>\n<p>Gra\u0111ani su tu nemo\u0107ni, a njihova jedina gre\u0161ka je u pogre\u0161nom izboru predstavnika. Sjutra, kada bi na ulice iza\u0161lo 50 000 gra\u0111ana, kada bi bunt poprimio nekontrolisane razmjere, artikulaciju tog bunta mogu finalizovati isklju\u010divo njihovi \u201eizabrani\u201c politi\u010dki predstavnici. Osim u slu\u010daju revolucije, koja je opet, parcijalno nemogu\u0107a.<\/p>\n<p>Napomena: Stavove i poglede koje iznosim u tekstovima na blogu su isklju\u010divo li\u010dni i ne predstavljaju stavove pokreta \u201eOdupri se\u201c.<\/p>\n","protected":false},"excerpt":{"rendered":"<p>Pi\u0161e: Omer \u0160ARKI\u0106<\/p>\n","protected":false},"author":12,"featured_media":0,"comment_status":"open","ping_status":"closed","sticky":false,"template":"","format":"standard","meta":{"_seopress_robots_primary_cat":"","_seopress_titles_title":"","_seopress_titles_desc":"","_seopress_robots_index":"","_et_pb_use_builder":"","_et_pb_old_content":"","_et_gb_content_width":"","inline_featured_image":false,"footnotes":""},"categories":[17],"tags":[],"class_list":["post-277799","post","type-post","status-publish","format-standard","hentry","category-blogovi"],"_links":{"self":[{"href":"https:\/\/www.pcnen.com\/portal\/wp-json\/wp\/v2\/posts\/277799","targetHints":{"allow":["GET"]}}],"collection":[{"href":"https:\/\/www.pcnen.com\/portal\/wp-json\/wp\/v2\/posts"}],"about":[{"href":"https:\/\/www.pcnen.com\/portal\/wp-json\/wp\/v2\/types\/post"}],"author":[{"embeddable":true,"href":"https:\/\/www.pcnen.com\/portal\/wp-json\/wp\/v2\/users\/12"}],"replies":[{"embeddable":true,"href":"https:\/\/www.pcnen.com\/portal\/wp-json\/wp\/v2\/comments?post=277799"}],"version-history":[{"count":0,"href":"https:\/\/www.pcnen.com\/portal\/wp-json\/wp\/v2\/posts\/277799\/revisions"}],"wp:attachment":[{"href":"https:\/\/www.pcnen.com\/portal\/wp-json\/wp\/v2\/media?parent=277799"}],"wp:term":[{"taxonomy":"category","embeddable":true,"href":"https:\/\/www.pcnen.com\/portal\/wp-json\/wp\/v2\/categories?post=277799"},{"taxonomy":"post_tag","embeddable":true,"href":"https:\/\/www.pcnen.com\/portal\/wp-json\/wp\/v2\/tags?post=277799"}],"curies":[{"name":"wp","href":"https:\/\/api.w.org\/{rel}","templated":true}]}}