{"id":277528,"date":"2019-11-08T07:37:33","date_gmt":"2019-11-08T06:37:33","guid":{"rendered":"https:\/\/www.pcnen.com\/portal\/?p=277528"},"modified":"2019-11-08T07:37:33","modified_gmt":"2019-11-08T06:37:33","slug":"sto-je-antifasizam-nego-suprotstavljanje-fasizmu-i-neofasizmu","status":"publish","type":"post","link":"https:\/\/www.pcnen.com\/portal\/2019\/11\/08\/sto-je-antifasizam-nego-suprotstavljanje-fasizmu-i-neofasizmu\/","title":{"rendered":"\u0160to je antifa\u0161izam nego suprotstavljanje fa\u0161izmu i neofa\u0161izmu?"},"content":{"rendered":"<p><strong>Autor: Damir Grubi\u0161a<\/strong><\/p>\n<p>U Dresdenu je pro\u0161log tjedna Gradsko vije\u0107e proglasilo \u201dnacisti\u010dki alarm\u201d posebnom rezolucijom kojom se osu\u0111uju svi oblici pojave neonacizma u gradu koji je u kolektivnoj memoriji Nijemaca ozna\u010den kao \u201dmu\u010deni\u010dka Firenca na Labi\u201d zbog savezni\u010dkog bombardiranja koji je razorio grad u no\u0107i s 13. na 14. velja\u010de 1945.<\/p>\n<p>U Isto\u010dnoj Njema\u010dkoj Dresden je bio jedan od najrazvijenijih gradova, a sada je to grad koji u ujedinjenoj Njema\u010dkoj stagnira, industrije su se preselile u zapadni dio zemlje ili su propale, a pla\u0107e su upola manje za istu vrstu rada nego u zapadnom dijelu zemlje.<\/p>\n<p>I ba\u0161 su se u tom gradu pojavili vidni znakovi neonacizma, od svastika na zidovima ku\u0107a i javnih ustanova do demonstracija brojnih neonacisti\u010dkih organizacija, dok je ekstremno desna AfD \u2013 Alternativa za Njema\u010dku \u2013 osvojila 25% glasova, sljedbenici neonacisti\u010dke NPD-a (Nacionaldemokratske njema\u010dke partije) redovito mar\u0161iraju dresdenskim ulicama, a Pegida \u2013 Domoljubi protiv islamizacije Europe \u2013 organizira ve\u0107 redovite zborove sa islamofobnom mobilizacijom, a mno\u017ee se i slu\u010dajevi vandalizma i nasilja.<\/p>\n<p>U Dresdenu je pro\u0161log tjedna Gradsko vije\u0107e proglasilo \u201dnacisti\u010dki alarm\u201d posebnom rezolucijom kojom se osu\u0111uju svi oblici pojave neonacizma u gradu koji je u kolektivnoj memoriji Nijemaca ozna\u010den kao \u201dmu\u010deni\u010dka Firenca na Labi\u201d zbog savezni\u010dkog bombardiranja koji je razorio grad u no\u0107i s 13. na 14. velja\u010de 1945.<\/p>\n<p>Nije samo u Dresdenu zazvonilo alarmno zvonce. Na dan Yom Kippura u Halleu je izvr\u0161en atentat na \u017eidovsku sinagogu, u Tiringiji su ekstremno desni\u010darske snage koje flertuju s neonacistima udvostru\u010dile glasove na izborima, a policija bilje\u017ei sve ve\u0107i broj neonacisti\u010dkih ispada i nasilja.<\/p>\n<p>U Italiji, zemlji koja je bila kolijevka fa\u0161izma, prije dva dana je zapaljena knji\u017eara u Rimu poznata po prodaji literature koja je kriti\u010dna prema fa\u0161izmu, mno\u017ee se incidenti na nogometnim utakmicama s rasisti\u010dkim porukama, Forza nuova i Ku\u0107a Pound obljepljuju plakatima rimsku periferiju i dr\u017ee vrlo posje\u0107ene rasisti\u010dke zborove, a donedavni ministar unutarnjih poslova Matteo Salvini, \u010dovjek koji je dao zatvoriti luke da se ne bi migranti mogli iskrcati i koji je zatra\u017eio \u201dizvanredne ovlasti\u201d ba\u0161 kao i Mussolini 1922. kada se do\u010depao vlasti uz pomo\u0107 kralja i industrijskih tajkuna, harangira na javnim skupovima i prijeti da \u0107e otjerati, kada do\u0111e na vlast, svu tu korumpiranu politi\u010dku kastu i sve migrante i doseljenike.<\/p>\n<p>Kao i Marija Balottellija, popularnog crnoputog nogometa\u0161a Verone, kojemu su navija\u010di skandirali opona\u0161aju\u0107i majmunsko glasanje, \u0161to je navelo nogometnog suca da prekine utakmicu. A navija\u010di Verone imaju i svoju himnu, \u010diji stih glasi: \u201dNa\u0161a je igra prava fantastika, a na\u0161a je za\u0161titnica \u2013 svastika\u201d.<\/p>\n<p>Na\u017ealost, ni trener Verone ni\u0161ta ne opa\u017ea od rasizma koji se \u0161iri u njegovom klubu, a na na\u0161u sramotu to je ba\u0161 Hrvat Ivan Juri\u0107, o kojemu talijanske novine pi\u0161u da je ionako do\u0161ao iz zemlje gdje je to uobi\u010dajeno, pa zato sada ne vidi rasizam u redovima svojeg tima.<\/p>\n<p>Talijanski Senat je pro\u0161log tjedna osnovao komisiju koja mora istra\u017eiti sve ve\u0107u pojavu rasizma i antisemitizma, a na temelju harange protiv do\u017eivotne senatorice Liliane Segre, \u017didovke koja je pre\u017eivjela Auschwitz i koja prima dnevno oko 200 prijetnji i poruka mr\u017enje.<\/p>\n<p>A na Salvinijevo licemjerno ljubljenje krunice i istovremeno zagovaranje nasilja protiv migranata, azilanata i uop\u0107e doseljenika druge boje ko\u017ee jedan od prvaka Katoli\u010dke crkveu Italiji, kardinal Camilo Ruini, odgovara da ga ne treba osu\u0111ivati za jedan takav pobo\u017eni \u010din kao \u0161to je ljubljenje krunice na javnim skupovima i istovremenog poticanja na nasilje prema strancima i nepo\u017eeljnim Talijanima koji te strance brane i \u017eele \u201dizvr\u0161iti etni\u010dku supstituciju Italije\u201d.<\/p>\n<p>\u010cak je i isusova\u010dka revija Civilt\u00e0 cattolica morala ponovo pokrenuti pitanje kako je to Crkva mogla u dvadesetim godinama pro\u0161log stolje\u0107a prihvatiti Mussolinija i fa\u0161izam s jasnom porukom da se to ne bi smjelo ponoviti, a poruka o\u010dito vrijedi i za Hrvatsku.<\/p>\n<p>I ba\u0161 u takvoj situaciji, kada uz meteorolo\u0161ke alarme zvoni i alarm na pojavu neonacizma i neofa\u0161izma, saborski Odbor za veterane predla\u017ee da Dan antifa\u0161isti\u010dke borbe 22. lipnja bude unaza\u0111en s ranga dr\u017eavnog praznika na obi\u010dan radni dan koji \u0107e se obilje\u017eiti otprilike kao i Dan kravate 18. listopada.<\/p>\n<p>Uostalom, to nije ni\u0161ta novo ni razli\u010dito od \u201dnovih demokracija\u201d isto\u010dne Europe (Poljska, Ma\u0111arska, \u010ce\u0161ka) koje sada odbacuju koncepciju demokracije i zagovaraju nekakvu \u201dneliberalnu demokraciju\u201d, \u0161to \u0107e re\u0107i nacionalisti\u010dku i suverenisti\u010dku demokraciju u kojoj slobodno prosperira ekstremna i neofa\u0161isti\u010dka desnica, a koje su svoje nekada\u0161nje datume osloba\u0111anja od fa\u0161izma tako\u0111er pretvorile u obi\u010dne dane.<\/p>\n<p>Pritom im opravdanje daje i revizionisti\u010dko prekrajanje povijesti Europskog parlamenta, koji je u svojoj rezoluciji glavnim uzrokom Drugog svjetskog rata proglasio pakt Hitler-Staljin, a potpuno pre\u0161utio agresivnu strategiju Hitlerovog nacizma i talijanskog fa\u0161izma koju je Hitler proglasio jo\u0161 u \u201dMein Kampfu\u201d 1924., a Mussolini objavio napadom na Libiju, Abesiniju (Etiopiju) 1935., gdje su izvr\u0161eni prvi ratni zlo\u010dini nakon Prvog svjetskog rata radi stvaranja novog talijanskog imperija u Africi.<\/p>\n<p>U takvoj situaciji nije ni \u010dudno da je jedan saborski odbor \u2013 i to onaj za veterane \u2013 krenuo s takvim prekrajanjem moderne povijesti kada su se toga poduhvatili i drugi u Europi.<\/p>\n<p>Uostalom, i hrvatski veterani \u010dine ono \u0161to su drugi ratni veterani \u010dinili dosada u povijesti: u Rimu su ubijali careve i dizali na prijestolje nove, koje bi nakon nekog vremena tako\u0111er ubili kada im nisu zadovoljili sve zahtjeve, a nakon Prvog svjetskog rata ratni veterani bili su osnovna snaga protofa\u0161isti\u010dkog pohoda na Rijeku 1919., fa\u0161isti\u010dkog mar\u0161a na Rim 1922., kao i kontrarevolucionarnog nasilja u Weimarskoj republici, kada su pripadnici Freikorpsa, njema\u010dki veterani, ubijali prvake radni\u010dkog pokreta i htjeli vlast do koje su do\u0161li pod Hitlerovim vodstvom.<\/p>\n<p>Tako su i ratni veterani u Hrvatskoj doveli \u0161atora\u0161kim nasiljem na vlast HDZ, izborili za sebe privilegiranu poziciju u dru\u0161tvu, a sada nastoje izvr\u0161iti udar i na sam vrh HDZ-a, koji smatraju previ\u0161e mekanim i previ\u0161e europskim u odnosu na njihovu ksenofobi\u010dnu i rasisti\u010dku politiku koju sistematski poti\u010du ne samo protiv migranata ve\u0107 i protiv srpske manjine u Hrvatskoj.<\/p>\n<p>U op\u0107em revizionizmu koji buja u Hrvatskoj i koji je potaknut i odgojno-obrazovnom nacionalisti\u010dkom i klerikalnom indoktrinacijom ukidanje Dana antifa\u0161izma bio bi samo jo\u0161 jedan \u2013 i sasvim logi\u010dan korak u op\u0107oj fa\u0161izaciji hrvatskog dru\u0161tva.<\/p>\n<p>Zato bijedno zvu\u010di obrana Dana antifa\u0161izma iz redova vodstva HDZ-a koji brane taj datum samo zato \u0161to ga je Tu\u0111man htio, i to iz takti\u010dkih razloga, a potpuno zapostavljaju povijesnu argumentaciju o njegovu zna\u010daju.<\/p>\n<p>Oni to ne mogu ni razumjeti, jer je antifa\u0161izam civilizacijsko opredjeljenje koje nije vezano samo za Drugi svjetski rat, ve\u0107 je suprotstavljanje fa\u0161izmu i svim njegovim ina\u010dicama vododijelnica koja dijeli Hrvatsku na pro\u0161lost i sada\u0161njost, a ja\u010danje brojnih oblika neofa\u0161izma u Europi, a i u svijetu, pokazuje da je antifa\u0161izam danas tako\u0111er civilizacijsko opredjeljenje za svijet 21. stolje\u0107a, a protiv ponavljanja povijesti \u2013 ovoga puta kao farse.<\/p>\n<p><a href=\"https:\/\/www.autograf.hr\/sto-je-antifasizam-nego-suprotstavljanje-fasizmu-i-neofasizmu\/\">Autograf<\/a><\/p>\n","protected":false},"excerpt":{"rendered":"<p>U op\u0107em revizionizmu koji buja u Hrvatskoj i koji je potaknut i odgojno-obrazovnom nacionalisti\u010dkom i klerikalnom indoktrinacijom ukidanje Dana antifa\u0161izma bio bi samo jo\u0161 jedan \u2013 i sasvim logi\u010dan korak u op\u0107oj fa\u0161izaciji hrvatskog dru\u0161tva<\/p>\n","protected":false},"author":1,"featured_media":277529,"comment_status":"open","ping_status":"closed","sticky":false,"template":"","format":"standard","meta":{"_seopress_robots_primary_cat":"","_seopress_titles_title":"","_seopress_titles_desc":"","_seopress_robots_index":"","_et_pb_use_builder":"","_et_pb_old_content":"","_et_gb_content_width":"","inline_featured_image":false,"footnotes":""},"categories":[5],"tags":[],"class_list":["post-277528","post","type-post","status-publish","format-standard","has-post-thumbnail","hentry","category-drugi-pisu"],"_links":{"self":[{"href":"https:\/\/www.pcnen.com\/portal\/wp-json\/wp\/v2\/posts\/277528","targetHints":{"allow":["GET"]}}],"collection":[{"href":"https:\/\/www.pcnen.com\/portal\/wp-json\/wp\/v2\/posts"}],"about":[{"href":"https:\/\/www.pcnen.com\/portal\/wp-json\/wp\/v2\/types\/post"}],"author":[{"embeddable":true,"href":"https:\/\/www.pcnen.com\/portal\/wp-json\/wp\/v2\/users\/1"}],"replies":[{"embeddable":true,"href":"https:\/\/www.pcnen.com\/portal\/wp-json\/wp\/v2\/comments?post=277528"}],"version-history":[{"count":0,"href":"https:\/\/www.pcnen.com\/portal\/wp-json\/wp\/v2\/posts\/277528\/revisions"}],"wp:featuredmedia":[{"embeddable":true,"href":"https:\/\/www.pcnen.com\/portal\/wp-json\/wp\/v2\/media\/277529"}],"wp:attachment":[{"href":"https:\/\/www.pcnen.com\/portal\/wp-json\/wp\/v2\/media?parent=277528"}],"wp:term":[{"taxonomy":"category","embeddable":true,"href":"https:\/\/www.pcnen.com\/portal\/wp-json\/wp\/v2\/categories?post=277528"},{"taxonomy":"post_tag","embeddable":true,"href":"https:\/\/www.pcnen.com\/portal\/wp-json\/wp\/v2\/tags?post=277528"}],"curies":[{"name":"wp","href":"https:\/\/api.w.org\/{rel}","templated":true}]}}