{"id":277316,"date":"2019-11-04T20:12:54","date_gmt":"2019-11-04T19:12:54","guid":{"rendered":"https:\/\/www.pcnen.com\/portal\/?p=277316"},"modified":"2019-11-04T20:15:22","modified_gmt":"2019-11-04T19:15:22","slug":"predsjednik-dukanovic-predlozio-bjekovica-za-ombudsmana","status":"publish","type":"post","link":"https:\/\/www.pcnen.com\/portal\/2019\/11\/04\/predsjednik-dukanovic-predlozio-bjekovica-za-ombudsmana\/","title":{"rendered":"\u0110ukanovi\u0107 predlo\u017eio Bjekovi\u0107a za ombudsmana"},"content":{"rendered":"<p>\u201cPredsjednik \u0110ukanovi\u0107 je siguran da gospodin Bjekovi\u0107 bogatom radnom biografijom opravdava predlog, iskazuju\u0107i uvjerenje da \u0107e on biti istinski posve\u0107en daljem unapre\u0111enju i afirmaciji rada institucije, u kojoj je obavljao poslove zamjenika za\u0161titnika, te dati zna\u010dajan doprinos djelotvornoj i efikasnoj za\u0161titi ljudskih prava i sloboda gra\u0111ana na\u0161e dr\u017eave, znala\u010dki postupaju\u0107i u skladu sa Ustavom Crne Gore, potvr\u0111enim i objavljenim me\u0111unarodnim ugovorima i op\u0161tim pravilima me\u0111unarodnog prava\u201d.<\/p>\n<p>Na javni poziv dostavljeno je deset obrazlo\u017eenih predloga, od kojih dva kao nepotpuni nijesu razmatrani.<\/p>\n<p>Osim Bjekovi\u0107a, za du\u017enost za\u0161titnika ljudskih prava i slobode bili su predlo\u017eeni Azra Jasavi\u0107, Jelena Ru\u017ei\u010di\u0107, Neboj\u0161a Vu\u010dini\u0107, Nikola Belada, Radenko Lacmanovi\u0107, Valentina Radulovi\u0107 \u0160\u0107epanovi\u0107 i Zdenka Perovi\u0107.<\/p>\n","protected":false},"excerpt":{"rendered":"<p>Predsjednik Crne Gore Milo \u0110ukanovi\u0107 je predlo\u017eio Skup\u0161tini Crne Gore da za za\u0161titnika ljudskih prava i sloboda Crne Gore imenuje mr Sini\u0161u Bjekovi\u0107a<\/p>\n","protected":false},"author":1,"featured_media":277317,"comment_status":"open","ping_status":"closed","sticky":false,"template":"","format":"standard","meta":{"_seopress_robots_primary_cat":"","_seopress_titles_title":"","_seopress_titles_desc":"","_seopress_robots_index":"","_et_pb_use_builder":"","_et_pb_old_content":"","_et_gb_content_width":"","inline_featured_image":false,"footnotes":""},"categories":[14],"tags":[],"class_list":["post-277316","post","type-post","status-publish","format-standard","has-post-thumbnail","hentry","category-vijesti"],"_links":{"self":[{"href":"https:\/\/www.pcnen.com\/portal\/wp-json\/wp\/v2\/posts\/277316","targetHints":{"allow":["GET"]}}],"collection":[{"href":"https:\/\/www.pcnen.com\/portal\/wp-json\/wp\/v2\/posts"}],"about":[{"href":"https:\/\/www.pcnen.com\/portal\/wp-json\/wp\/v2\/types\/post"}],"author":[{"embeddable":true,"href":"https:\/\/www.pcnen.com\/portal\/wp-json\/wp\/v2\/users\/1"}],"replies":[{"embeddable":true,"href":"https:\/\/www.pcnen.com\/portal\/wp-json\/wp\/v2\/comments?post=277316"}],"version-history":[{"count":0,"href":"https:\/\/www.pcnen.com\/portal\/wp-json\/wp\/v2\/posts\/277316\/revisions"}],"wp:featuredmedia":[{"embeddable":true,"href":"https:\/\/www.pcnen.com\/portal\/wp-json\/wp\/v2\/media\/277317"}],"wp:attachment":[{"href":"https:\/\/www.pcnen.com\/portal\/wp-json\/wp\/v2\/media?parent=277316"}],"wp:term":[{"taxonomy":"category","embeddable":true,"href":"https:\/\/www.pcnen.com\/portal\/wp-json\/wp\/v2\/categories?post=277316"},{"taxonomy":"post_tag","embeddable":true,"href":"https:\/\/www.pcnen.com\/portal\/wp-json\/wp\/v2\/tags?post=277316"}],"curies":[{"name":"wp","href":"https:\/\/api.w.org\/{rel}","templated":true}]}}