{"id":276730,"date":"2019-10-28T06:23:09","date_gmt":"2019-10-28T05:23:09","guid":{"rendered":"https:\/\/www.pcnen.com\/portal\/?p=276730"},"modified":"2019-10-27T20:38:14","modified_gmt":"2019-10-27T19:38:14","slug":"nasukani-balkan","status":"publish","type":"post","link":"https:\/\/www.pcnen.com\/portal\/2019\/10\/28\/nasukani-balkan\/","title":{"rendered":"Nasukani Balkan"},"content":{"rendered":"<p><strong>Pi\u0161e: Zoran Daskalovi\u0107<\/strong><\/p>\n<p>Ovih dana navr\u0161ava se 60 godina otkako je Turska zatra\u017eila prijem u Europsku ekonomsku zajednicu. Skoro pola stolje\u0107a kasnije, prije 14 godina, Turska je dobila status kandidata i zapo\u010dela pristupne pregovore za \u010dlanstvo u Europskoj uniji. No nije daleko odmaknula. Lani je Europska komisija zaklju\u010dila da Erdoganova Turska nazaduje u preuzimanju njezine ste\u010devine i prakti\u010dki zaustavila njezino eurointegriranje. Pro\u0161lotjedna odluka Europske komisije da ne odobri status kandidata i po\u010detak pristupnih pregovora sa Sjevernom Makedonijom i Albanijom mo\u017ee se s prili\u010dnom dozom uvjerljivosti i\u0161\u010ditavati kao namjera da i \u0161est zapadnobalkanskih dr\u017eava do\u017eivi tursku sudbinu vje\u010ditih kandidata.<\/p>\n<p>Francuskoj, Nizozemskoj i Danskoj sve se manje svi\u0111a da odlaze\u0107u Veliku Britaniju u \u010dlanstvu Europske unije zamijene zemlje zapadnog Balkana, a vi\u0161e izgleda nisu sretne ni zbog toga \u0161to su im se ostale balkanske dr\u017eave priklju\u010dile u razdoblju \u0161irenja eurooptimizma na istok i jugoistok Europe. Macronova Francuska trampovski u prvi plan gura samu Europsku uniju i njezinu reformu, a tek potom bi razgovarala o prijemu novih \u010dlanica, pa i onih koje su, poput Srbije i Crne Gore, ve\u0107 u procesu pristupnih pregovora. Tvrdi se da je reformirana, koherentnija i sna\u017enija Unija u interesu i \u0161est zapadnobalkanskih dr\u017eava kandidata za \u010dlanstvo u EU-u. Isto se ponavlja i kad se tra\u017ei definiranje novih pravila i metodologije u pristupnim pregovorima kako bi zemlje kandidatkinje, sre\u0111ene od glave do pete, postale \u010dlanice EU-a.<\/p>\n<p>No sve je to pogled iz Pariza, Bruxellesa i drugih zapadnoeuropskih prijestolnica na Balkan, pa su i ponude koje se stalno mijenjaju i nude zapadnobalkanskim dr\u017eavama slijepe za unutarnje procese koje u njima izazivaju. Briselska odluka kojom je jo\u0161 jednom odgo\u0111en po\u010detak pregovora sa Sjevernom Makedonijom i Albanijom za Macrona i dru\u0161tvo kora\u010di\u0107 je za Europsku uniju, ali je slonovskim ga\u017eenjem do temelja uzdrmao makedonsku dr\u017eavnu politiku, a tek \u0107e se vidjeti \u0161to \u0107e donijeti Albaniji i ostalim zapadnobalkanskim kandidatima za \u010dlanstvo u EU-u, ali i balkanskim i isto\u010dnoeuropskim \u010dlanicama Unije koje redom gorljivo zagovaraju daljnje \u0161irenje EU-a na Balkan po sada\u0161njim uvjetima, bez njihova povezivanja s eventualnom reformom Unije, jer vjerojatno slute da je reforma prije svega usmjerena prema njima, a ne prema starim \u010dlanicama.<\/p>\n<p>U \u017eelji da kontrolira \u0161tetu koju je Unija svojom odlukom prouzro\u010dila Sjevernoj Makedoniji, premijer te zemlje Zoran Zaev poku\u0161ao je isprovocirati odr\u017eavanje izvanrednih parlamentarnih izbora ve\u0107 po\u010detkom prosinca, ali je morao pristati da se odr\u017ee po\u010detkom travnja sljede\u0107e godine. Zaev i njegova Socijaldemokratska stranka prelomili su i odlu\u010dili da promjenom imena zemlje okon\u010daju decenijski spor s Gr\u010dkom i tako uklone posljednju prepreku koja ja Makedoniji prije\u010dila da zapo\u010dne pristupne pregovore s EU-om. Sad kad su se izjalovila uvjeravanja europskih \u010delnika da \u0107e dobiti po\u010detak pregovora kad promijene ime zemlje i postignu dogovor s Gr\u010dkom, Zaev i SDSM pretvoreni su u divlja\u010d za odstrel protivnicima novog imena, koje predvodi opozicijski VMRO-DPMNE. Zaev je zato po\u017eelio maksimalno skratiti sezonu lova na sebe i svoju stranku, kako bi i na taj na\u010din sprije\u010dio mogu\u0107e osipanje razo\u010daranog dijela svojih bira\u010da i rast opozicijskog bira\u010dkog tijela na valu neispunjenog obe\u0107anja o brzom putovanju u \u010dlanstvo EU-a.<\/p>\n<p>Zaev i SDSM su promjenu imena zemlje u parlamentu realizirali uz podr\u0161ku albanskih parlamentarnih stranaka, a zauzvrat su zna\u010dajno podigli razinu politi\u010dke i kulturne autonomije albanske manjine. Njihov lo\u0161iji izborni rezultat mogao bi i to dovesti u pitanje i pokrenuti novi krug makedonsko-albanskih sukoba. Pogotovo ako europsko nogiranje Sjeverne Makedonije i Albanije i u Albaniji pokrene antieuropske procese. Iako je i sam znao koketirati s idejom stvaranja Velike Albanije, aktualni albanski premijer Edi Rama ipak je ponajprije zagovarao politiku ujedinjavanja Albanaca kroz \u010dlanstvo svih zapadnobalkanskih dr\u017eava u EU-u. No pobjednik kosovskih izbora, lider Samoopredjeljenja Albin Kurti, i kao kandidat za premijera tvrdi da se nacionalno ujedinjenje Albanaca ne mo\u017ee dogoditi u Europskoj uniji, nego u eventualnoj federaciji Kosova i Albanije. Pritom se poziva i na stav biv\u0161eg lidera makedonskih Albanaca Arbena D\u017eaferija. Kako prenosi srpski portal N1 televizije, Kurti ka\u017ee: \u2018Ne mogu re\u0107i da se nacionalno ujedinjavanje doga\u0111a u EU-u. Tamo se pridru\u017eujemo Dancima, Austrijancima i \u0160pancima. Ovdje se mora dogoditi na\u0161 savez. Koristio bih izjavu Arbena D\u017eaferija: \u2018Istorijsko zalaganje Albanaca za ujedinjenje.\u201d<\/p>\n<p>Kurtijevo Samoopredjeljenje ve\u0107 je svojim imenom proklamiralo su\u0161tinu i prioritete svoje politike, pa i u izbornoj kampanji, ali i nakon izborne pobjede ne kriju da ne\u0107e poslu\u0161no slijediti briselsku politiku kad je rije\u010d o Kosovu i pregovorima o normalizaciji odnosa s Beogradom. Kurti pritom lopticu prebacuje Beogradu, tvrde\u0107i da \u0107e odbijanjem Sjeverne Makedonije i Albanije EU demotivirati i Beograd da nastavi pregovore s Pri\u0161tinom \u0161to, izgleda, i njemu odgovara s obzirom na to da ne prihva\u0107a Briselski sporazum i zagovara pregovore Srbije i Kosova kao dviju samostalnih i suverenih dr\u017eava. S druge strane, srpski predsjednik Aleksandar Vu\u010di\u0107 u intervjuu be\u010dkom \u2018Standardu\u2019 ponavlja da \u0107e nastaviti pregovarati s Pri\u0161tinom odmah nakon \u0161to nova kosovska vlada ukine dodatne carine na srpsku robu. \u0160to se pak ti\u010de odbijanja EU-a da zapo\u010dne pregovore sa Sjevernom Makedonijom i Albanijom, Vu\u010di\u0107 ne sumnja da \u0107e to i u Srbiji smanjiti povjerenje u Bruxelles i Uniju u\u010diniti nepopularnijom. \u2018Me\u0111utim, kako god, mi se nadamo da Emanuel Makron iz francuskog ugla radi u korist budu\u0107nosti Evrope. Mi se brinemo o nama samima. Moramo re\u0161iti odnose u regionu i imati i dobre odnose sa Kinom, Rusijom i Turskom\u2019, zaklju\u010dio je srpski predsjednik.<\/p>\n<p>Beogradski mediji prenose da je na dodatno pitanje je li to \u2018plan B\u2019 Vu\u010di\u0107 odgovorio da nema takvog plana, ali \u2018da ne\u0107e ni po\u010deti da pla\u010de niti \u0161trajkuje gla\u0111u pred ustanovama u Briselu da bi otvorio jedno, dva ili tri poglavlja\u2019. \u2018Nisam sanjar, ve\u0107 veoma racionalan\u2019, dodao je. Ocijenio je da se \u2018ne mo\u017ee vi\u0161e govoriti samo o umoru od \u0161irenja u dr\u017eavama EU-a, ve\u0107 se sada radi i o izbegavanju svakog prijema novih dr\u017eava u dogledno vreme\u2019 te zaklju\u010dio da bi \u2018zbog toga trebalo da se brinemo o nama samima i da se koncentri\u0161emo da u regionu dostignemo \u010detiri slobode \u2013 slobodni protok robe, kapitala, osoba i usluga\u2019.<\/p>\n<p>Zvu\u010di optimisti\u010dno i lijepo, ali Vu\u010di\u0107evo zagovaranje samoeuropeizacije zapadnog Balkana, nakon \u0161to ga je Europska unija odgurnula od sebe i smjestila blizu turskog statusa vje\u010ditog kandidata za prijem u \u010dlanstvo, vi\u0161e je pila naopako nego realna balkanska perspektiva koja bi se mogla ostvariti i koja bi, za razliku od pro\u0161losti, ovaj put sprije\u010dila velike sile da im Balkan poslu\u017ei kao moneta za me\u0111usobno potkusurivanje.<\/p>\n<p><a href=\"https:\/\/www.portalnovosti.com\/nasukani-balkan\">Portal Novosti<\/a><\/p>\n","protected":false},"excerpt":{"rendered":"<p>Odluka Europske komisije da ne odobri po\u010detak pristupnih pregovora sa Sjevernom Makedonijom i Albanijom mo\u017ee se i\u0161\u010ditavati kao namjera da \u0161est zapadnobalkanskih dr\u017eava do\u017eivi tursku sudbinu vje\u010ditih kandidata, \u0161to bi u njima moglo pokrenuti antieuropske procese.<\/p>\n","protected":false},"author":1,"featured_media":276731,"comment_status":"open","ping_status":"closed","sticky":false,"template":"","format":"standard","meta":{"_seopress_robots_primary_cat":"","_seopress_titles_title":"","_seopress_titles_desc":"","_seopress_robots_index":"","_et_pb_use_builder":"","_et_pb_old_content":"","_et_gb_content_width":"","inline_featured_image":false,"footnotes":""},"categories":[5],"tags":[],"class_list":["post-276730","post","type-post","status-publish","format-standard","has-post-thumbnail","hentry","category-drugi-pisu"],"_links":{"self":[{"href":"https:\/\/www.pcnen.com\/portal\/wp-json\/wp\/v2\/posts\/276730","targetHints":{"allow":["GET"]}}],"collection":[{"href":"https:\/\/www.pcnen.com\/portal\/wp-json\/wp\/v2\/posts"}],"about":[{"href":"https:\/\/www.pcnen.com\/portal\/wp-json\/wp\/v2\/types\/post"}],"author":[{"embeddable":true,"href":"https:\/\/www.pcnen.com\/portal\/wp-json\/wp\/v2\/users\/1"}],"replies":[{"embeddable":true,"href":"https:\/\/www.pcnen.com\/portal\/wp-json\/wp\/v2\/comments?post=276730"}],"version-history":[{"count":0,"href":"https:\/\/www.pcnen.com\/portal\/wp-json\/wp\/v2\/posts\/276730\/revisions"}],"wp:featuredmedia":[{"embeddable":true,"href":"https:\/\/www.pcnen.com\/portal\/wp-json\/wp\/v2\/media\/276731"}],"wp:attachment":[{"href":"https:\/\/www.pcnen.com\/portal\/wp-json\/wp\/v2\/media?parent=276730"}],"wp:term":[{"taxonomy":"category","embeddable":true,"href":"https:\/\/www.pcnen.com\/portal\/wp-json\/wp\/v2\/categories?post=276730"},{"taxonomy":"post_tag","embeddable":true,"href":"https:\/\/www.pcnen.com\/portal\/wp-json\/wp\/v2\/tags?post=276730"}],"curies":[{"name":"wp","href":"https:\/\/api.w.org\/{rel}","templated":true}]}}