{"id":276318,"date":"2019-10-21T18:38:07","date_gmt":"2019-10-21T16:38:07","guid":{"rendered":"https:\/\/www.pcnen.com\/portal\/?p=276318"},"modified":"2019-10-21T18:50:04","modified_gmt":"2019-10-21T16:50:04","slug":"hibridni-rat","status":"publish","type":"post","link":"https:\/\/www.pcnen.com\/portal\/2019\/10\/21\/hibridni-rat\/","title":{"rendered":"Hibridni rat"},"content":{"rendered":"<p>Trideset godina Crna Gora je u permanentnom ratu. Odbrambenom, normalno. Poslije Palestine, u novijoj istoriji svijeta, to je najdu\u017ei rat. U po\u010detku je Crna Gora vodile one uobi\u010dajene, konvencionalne ratove. Tada su rat \u00a0protiv nas vodile usta\u0161e, Alijini mud\u017eahedini,\u00a0 balisti i doma\u0107i separatisti, te kompletna me\u0111unaradna zajednica, koja nam je uvela nepravedne i ni\u010dim zaslu\u017eene sankcije. Branila nas je Srbija.<\/p>\n<p>Poslednjih desetak godina smo izlo\u017eeni novoj vrsti rata tzv. hibridnom, a najve\u0107a opasnost nam prijeti upravo od Srbije. I Rusije.<\/p>\n<p>Rusija je prije par godina poku\u0161ala da izvede dr\u017eavni udar, izazove nezapam\u0107eno krvoproli\u0107e. Sre\u0107om, sve je na vrijeme otkrio i sprije\u010dio specijalni nam tu\u017eilac Katni\u0107, kojeg nam je sami Bog poslao da obavlja tu nezahvalnu du\u017enost.<\/p>\n<p>Katni\u0107 nas je spa\u0161avao i u onim prvim, nehibridnim ratovima. Hrabro se borio u Cavtatu, okru\u017een sa trideset hiljada usta\u0161a, me\u0111u kojima je bilo mno\u0161tvo bjelosvjetskih pla\u0107enika, Kurda najvi\u0161e. O Milovoju se ve\u0107 pjevaju juna\u010dke pjesme, gusle je\u010de o njegovoj hrabrosti, po\u017ertvovanosti i pronicljivosti, a i Amar \u0107e, siguran sam, biti inspirisan njime. Uz Mila \u0110ukanovi\u0107a, sada\u0161njeg predsjednika a biv\u0161eg premijera u desetak mandata, Katni\u0107 je najzaslu\u017eniji \u0161to je Crna Gora o\u010duvala svoju suverenost, nezavisnost, postala \u00a0ravnopravna \u010dlanica NATO-a, rame uz rame sa SAD; lider u regionu, primjer demokratije, vladavine prava i sveukupnog napretka.<\/p>\n<p>Da vas podsjetim, u hibridnom ratu koji se vodi jo\u0161 iz vremena jednog od Katni\u0107evih prethodnika, \u010duvenog VDT-a Bo\u017eidara Boba Vuk\u010devi\u0107a, iskonstruisanom aferom sa Moldavskom dr\u017eavljankom S.\u010c. poku\u0161alo se diskreditovati na\u0161e nezavisno tu\u017eila\u0161tvo i tada\u0161nji premijer \u0110ukanovi\u0107. Ceh tog paklenog plana je platio nepotkupljivi i od svih po\u0161tovani tu\u017eilac Zoran Piperovi\u0107.<\/p>\n<p>U momentu kada je hibridni rat protiv nas, na\u0161e dr\u017eave, DPS-a i Mila \u0110ukanovi\u0107a po\u010deo da dobija neslu\u0107ene razmjere, Bo\u017ejim provi\u0111enjem za glavnog specijalnog tu\u017eioca je izabran Milivoje Katni\u0107, a za VDT-a Ivica Stankovi\u0107. Katni\u0107 se, lukavo, u javnima nastupima predstavlja kao polupismeni i neznaveni klovn i budala, a u stvari je genije sa paranormalnim sposobnostima. Tim mo\u0107ima\u00a0 je otkrio i sprije\u010dio dr\u017eavni udar, pohapsiv\u0161i skoro sve zavjerenike. Bila je to za njega jo\u0161 jedna dobijena bitka, ali je rat nastavljen. Hibridni.<\/p>\n<p>Kada su po\u010deli masovni \u00a0protesti gra\u0111ana, zavedenih propagandom u tom\u00a0 hibridnom ratu, Katni\u0107 je u tren oka otkrio da je jedan od vo\u0111a protesta \u010dlan organizovane kriminalne grupe, da mu je majka visoki funkcioner jedne opozicione partije, a da iz protesta stoji Istok (Rusija). Protestanti su ga \u017eivog spaljivali pred porodicom, ali je Specijalni sve juna\u010dki izdr\u017eao. Nije podigao optu\u017enicu protiv \u010dlana ove organizovane kriminalne grupe jer je mlad \u2013 a Milovije je humanista, a i imao je i pre\u010da posla. Pre\u010di posao je bio da razotkrije i potpuno razobli\u010di glavu hobotnice u hibridnom ratu, odbjeglo lice sa potjernice Du\u0161ka Kne\u017eevi\u0107a.<\/p>\n<p>Ko je Du\u0161ko Kne\u017eevi\u0107?<\/p>\n<p>Du\u0161ko Kne\u017eevi\u0107 je mafija\u0161 i lopov, \u010dlan organizovane kriminalne grupe, lice sa potjernice, koje se, u specijalnom ratu protiv Crne Gore uvuklo u prve redove vladaju\u0107e nomenklature i samog predsjednika \u0110ukanovi\u0107a. On je kupovao, radio i gradio po Crnoj Gori, vr\u0161io milionske malverzacije i pronevjere, a ujedno provodio odmore sa \u0110ukanovi\u0107em i njegovom porodicom: pla\u0107ao mu ra\u010dune, otvarao mu i pokrivao bankovne kartice&#8230; Cilj je bio da mu se pribli\u017ei i u datom trenutku, po nalogu stranih obavje\u0161tajnih slu\u017ebi (sa Istoka), \u00a0diskredituje crnogorsku vlast, institucije i dr\u017eavu, a prije svega oca dr\u017eave \u0110ukanovi\u0107a. Osim la\u017enog snimka na kojem je izbrisan po\u010detak i kraj, a gdje savjetnik predsjednika dr\u017eave Stijepovi\u0107 prima novac \u00a0za kupovinu izbora, Kne\u017eevi\u0107 je poturio i la\u017ene audio snimke sa sekretarom tu\u017eila\u0161tva Nenadom Vujo\u0161evi\u0107em. Nenad Vujo\u0161evi\u0107 je u patriotskim medijima, preko no\u0107i sa pravom postao \u201ePatak\u201c.<\/p>\n<p>Patak (i ja sam patriota) je ve\u0107 dvadesetak godina sekretar u VDT-u, tako da je, vjerujem, umije\u0161an u aferu koja je namje\u0161tena i uglednom biv\u0161em VDT-u Bo\u017eidaru Vuk\u010devi\u0107u. Katni\u0107 je tek od pro\u0161le godine posumnjao u Patka, nalo\u017eio da se prati i prislu\u0161kuje. Meni je bio sumnjiv jo\u0161 iz vremena kada je zajedno sa Bobom Vuk\u010devi\u0107em, u vrijeme pauze, dolazio u podgori\u010dki kafi\u0107 \u201ePiccadilly\u201c. Tada bi dolazile neke djevojke, \u010desto gimnazijalke, Bobo bi i\u0161ao u stan izvi\u0161e lokala sa njima \u2013 valjda da ih presli\u0161a gradivo, a Patku bi ostavljao mobilni telefon da se javi ako ga neko va\u017ean pozove.<\/p>\n<p>No, iako mi je jo\u0161 tada Patak bio sumnjiv, nijesam znao ni\u0161ta o hibridnom ratu, i da sam kao dr\u017eavni slu\u017ebenik obavezan da vjerujem i u\u010destvujem u borbi protiv njega. Da sam tada znao za to, odmah bi to prijavio Bo\u017eidaru-Bobu, u\u0161ao bih mu pravo u sobu, makar ga prekinuo u ispitivanju. Gradiva.<\/p>\n<p>U hibridnom ratu, kao \u0161to sada sami mo\u017eete da vidite, poku\u0161avaju se uru\u0161iti na\u0161e nezavisne institucije \u2013 propagandom i fejk njuz vijestima. Prije svega tu\u017eila\u0161tvo, zatim sudstvo, kasnije i policija. Sru\u0161ene institucije zna\u010de sru\u0161enu dr\u017eavu. Iako je Crna Gora puna patriota, toliki intezitet propagandnog rata izazvao je sumnje u institucije i kod dobrog dijela njih, \u0161to je dobro primjetio najve\u0107i novinar-patriota kod nas Darko \u0160ukovi\u0107.<\/p>\n<p>Karakteristika hibridnog rata su, da se pored stvaranja nepovjerenja u institucije, \u00a0stvoriti isti osje\u0107aj prema dr\u017eavnom rukovodstvu, \u0110ukanovi\u0107u posebno. Fejk njuz vijestima \u00a0stvara se utisak da su Milo \u0110ukanovi\u0107, brat mu &#8211; poznati bankar, \u00a0sestra &#8211; \u010duvena advokatica, sin- uspje\u0161ni investitor; te zet, kumovi, prijatelji&#8230; postali bogata\u0161i i multimilioneri zahvaljuju\u0107i korupciji i politi\u010dkim vezama, a ne zbog svojih uro\u0111enih poslovnih sposobnosti i umije\u0107a.<\/p>\n<p>U trodecenijskog ratu koji se vodi protiv nas, na prvoj liniji odbrambenog fronta su bili i novinari. Da nije bilo njihovog patriotizma i rodoljublja, pitanje je da li bi uop\u0161te opstali. Zato bi bilo krajnje nepravedno ne pomenuti ih u ovom tekstu, makar dva najzna\u010dajnija. U prvom periodu, onom u kome se vodio konvencionalan rat protiv nas, perjanik odbrane u medijskoj sferi je bio \u010duveni patriota Emilo Labudovi\u0107. U drugom i du\u017eem periodu, beskompromisnu odbranu dr\u017eave, crkve, jezika, institucija i vo\u0111e je preuzeo \u017eiva legenda i bard crnogorskog novinarstva Darko \u0160ukovi\u0107. Zato sve prave \u00a0patriote sponzori\u0161u njegovu malu ali profesionalnu radio stanicu Antenu M, i neprevazi\u0111enu \u017divu istinu.<\/p>\n<p>Hibridni rat i dalje traje. I traja\u0107e. Na\u0161a du\u017enost je da pomognemo gospodinu Katni\u0107u, predsjednici Vrhovnog suda Medenici, ministru odbrane Bo\u0161kovi\u0107u i drugim dokazanim patriotama, da taj rat zajedno dobijemo, odbranimo dr\u017eavu i tekovine.<\/p>\n<p>Ni\u0161ta nas ne smije iznenaditi i pokolebati, \u010dak ni ako uskoro doznamo da je i premijer Markovi\u0107 na neki na\u010din vrbovan od strane neprijatelja dr\u017eave u tom hibridnom ratu!<\/p>\n","protected":false},"excerpt":{"rendered":"<p>Pi\u0161e: Omer \u0160ARKI\u0106<\/p>\n","protected":false},"author":12,"featured_media":276320,"comment_status":"open","ping_status":"closed","sticky":false,"template":"","format":"standard","meta":{"_seopress_robots_primary_cat":"","_seopress_titles_title":"","_seopress_titles_desc":"","_seopress_robots_index":"","_et_pb_use_builder":"","_et_pb_old_content":"","_et_gb_content_width":"","inline_featured_image":false,"footnotes":""},"categories":[17,12],"tags":[],"class_list":["post-276318","post","type-post","status-publish","format-standard","has-post-thumbnail","hentry","category-blogovi","category-prica-dana"],"_links":{"self":[{"href":"https:\/\/www.pcnen.com\/portal\/wp-json\/wp\/v2\/posts\/276318","targetHints":{"allow":["GET"]}}],"collection":[{"href":"https:\/\/www.pcnen.com\/portal\/wp-json\/wp\/v2\/posts"}],"about":[{"href":"https:\/\/www.pcnen.com\/portal\/wp-json\/wp\/v2\/types\/post"}],"author":[{"embeddable":true,"href":"https:\/\/www.pcnen.com\/portal\/wp-json\/wp\/v2\/users\/12"}],"replies":[{"embeddable":true,"href":"https:\/\/www.pcnen.com\/portal\/wp-json\/wp\/v2\/comments?post=276318"}],"version-history":[{"count":0,"href":"https:\/\/www.pcnen.com\/portal\/wp-json\/wp\/v2\/posts\/276318\/revisions"}],"wp:featuredmedia":[{"embeddable":true,"href":"https:\/\/www.pcnen.com\/portal\/wp-json\/wp\/v2\/media\/276320"}],"wp:attachment":[{"href":"https:\/\/www.pcnen.com\/portal\/wp-json\/wp\/v2\/media?parent=276318"}],"wp:term":[{"taxonomy":"category","embeddable":true,"href":"https:\/\/www.pcnen.com\/portal\/wp-json\/wp\/v2\/categories?post=276318"},{"taxonomy":"post_tag","embeddable":true,"href":"https:\/\/www.pcnen.com\/portal\/wp-json\/wp\/v2\/tags?post=276318"}],"curies":[{"name":"wp","href":"https:\/\/api.w.org\/{rel}","templated":true}]}}