{"id":27550,"date":"2008-12-25T10:42:53","date_gmt":"2008-12-25T10:42:53","guid":{"rendered":"http:\/\/www.pcnen.com\/portal\/?p=27550"},"modified":"2008-12-25T10:42:53","modified_gmt":"2008-12-25T10:42:53","slug":"rastoder-moguci-vanredni-izbori","status":"publish","type":"post","link":"https:\/\/www.pcnen.com\/portal\/2008\/12\/25\/rastoder-moguci-vanredni-izbori\/","title":{"rendered":"Rastoder: Mogu\u0107i vanredni izbori"},"content":{"rendered":"<p>U&nbsp;Demokratskoj partiji socijalista i Socijaldemokratskoj partiji ne isklju\u010duju mogu\u0107nost organizovanja vanrednih parlamentarnih izbora na prolje\u0107e, umijesto na jesen naredne godine, pi&scaron;u podgori\u010dke <em>Vijesti<\/em>.<\/p>\n<p>Potpredsjednik SDP-a i Skup&scaron;tine Crne Gore Rifat Rastoder ocijenio je da je mogu\u0107nost organizovanja vanrednih parlamentarnih izbora na prole\u0107e 2009. sasvim vjerovatna. To \u0107e biti stvar politi\u010dke procjene rukovodstava vladaju\u0107ih partija.<\/p>\n<p>&quot;Vanredne izbore je do ju\u010de tra\u017eila opozicija, za&scaron;to sada to ne bi uradile ve\u0107inske stranke&quot;, rekao je Rastoder podgori\u010dkom dnevniku.<\/p>\n<p>List navodi da je u rukovodstvu Demokratske partije socijalista pitanje organizovanja izbora na prolje\u0107e pokrenuto samo neformalno. Direktor te stranke Predrag Sekuli\u0107 izjavio je da na najvi&scaron;im organima stranke nije bilo rije\u010di o tome. <\/p>\n<p>List, me\u0111utim, tvrdi da je najve\u0107i zagovornik izbora potpredsjednik partije Svetozar Marovi\u0107, koji smatra da vi&scaron;e ne treba \u010dekati.<\/p>\n<p>Razlozi za takav potez, dodaje dnevnik, le\u017ee u procjeni da \u0107e 2009. biti godina obilje\u017eena ekonomskom krizom, koja bi dodatno mogla biti produbljena mogu\u0107om lo&scaron;om turisti\u010dkom sezonom.<\/p>\n<p>Sve to mo\u017ee osjetno da se odrazi na standard, a samim tim i na podr&scaron;ku vladaju\u0107im strankama, pi&scaron;u <em>Vijesti<\/em> i dodaju da se na takav eventualni potez DPS-a i SDP-a spremaju i zbog stanja u opoziciji.&nbsp; <\/p>\n","protected":false},"excerpt":{"rendered":"<p>U&nbsp;Demokratskoj partiji socijalista i Socijaldemokratskoj partiji ne isklju\u010duju mogu\u0107nost organizovanja vanrednih parlamentarnih izbora na prolje\u0107e, umijesto na jesen naredne godine, pi&scaron;u podgori\u010dke Vijesti. Potpredsjednik SDP-a i Skup&scaron;tine Crne Gore Rifat Rastoder ocijenio je da je mogu\u0107nost organizovanja vanrednih parlamentarnih izbora na prole\u0107e 2009. sasvim vjerovatna. To \u0107e biti stvar politi\u010dke procjene rukovodstava vladaju\u0107ih partija. &quot;Vanredne [&hellip;]<\/p>\n","protected":false},"author":1,"featured_media":0,"comment_status":"open","ping_status":"closed","sticky":false,"template":"","format":"standard","meta":{"_seopress_robots_primary_cat":"","_seopress_titles_title":"","_seopress_titles_desc":"","_seopress_robots_index":"","_et_pb_use_builder":"","_et_pb_old_content":"","_et_gb_content_width":"","inline_featured_image":false,"footnotes":""},"categories":[14],"tags":[],"class_list":["post-27550","post","type-post","status-publish","format-standard","hentry","category-vijesti"],"_links":{"self":[{"href":"https:\/\/www.pcnen.com\/portal\/wp-json\/wp\/v2\/posts\/27550","targetHints":{"allow":["GET"]}}],"collection":[{"href":"https:\/\/www.pcnen.com\/portal\/wp-json\/wp\/v2\/posts"}],"about":[{"href":"https:\/\/www.pcnen.com\/portal\/wp-json\/wp\/v2\/types\/post"}],"author":[{"embeddable":true,"href":"https:\/\/www.pcnen.com\/portal\/wp-json\/wp\/v2\/users\/1"}],"replies":[{"embeddable":true,"href":"https:\/\/www.pcnen.com\/portal\/wp-json\/wp\/v2\/comments?post=27550"}],"version-history":[{"count":0,"href":"https:\/\/www.pcnen.com\/portal\/wp-json\/wp\/v2\/posts\/27550\/revisions"}],"wp:attachment":[{"href":"https:\/\/www.pcnen.com\/portal\/wp-json\/wp\/v2\/media?parent=27550"}],"wp:term":[{"taxonomy":"category","embeddable":true,"href":"https:\/\/www.pcnen.com\/portal\/wp-json\/wp\/v2\/categories?post=27550"},{"taxonomy":"post_tag","embeddable":true,"href":"https:\/\/www.pcnen.com\/portal\/wp-json\/wp\/v2\/tags?post=27550"}],"curies":[{"name":"wp","href":"https:\/\/api.w.org\/{rel}","templated":true}]}}