{"id":275391,"date":"2019-05-28T11:05:58","date_gmt":"2019-05-28T09:05:58","guid":{"rendered":"https:\/\/www.pcnen.com\/portal\/?p=275391"},"modified":"2019-10-09T22:49:08","modified_gmt":"2019-10-09T20:49:08","slug":"godisnjica","status":"publish","type":"post","link":"https:\/\/www.pcnen.com\/portal\/2019\/05\/28\/godisnjica\/","title":{"rendered":"Godi\u0161njice"},"content":{"rendered":"<p>U samo par dana navr\u0161ile su se dvije godi\u0161njice stra\u0161nh zlo\u010dina u Crnoj Gori za koje nema odgovornih. Prva je deportacija BiH izbjeglica, najve\u0107i ratni zlo\u010din u novijoj istoriji Crne Gore. Za taj ratni zlo\u010din nesumnjiva je komandna odgovornost tada\u0161njeg premijera i dana\u0161njeg predsjednika dr\u017eave Mila \u0110ukanovi\u0107a.<\/p>\n<p>27 godina je pro\u0161lo od njega a niko nije odgovarao.<\/p>\n<p>Prije 15 godina ubijen je Du\u0161ko Jovanovi\u0107, glavni i odgovorni urednik dnevnog lista \u201eDan\u201c. I taj zlo\u010din je ostao nerasvijetljen. Osu\u0111en je Damir Mandi\u0107, sau\u010desnici i, prije svega, nalogodavci, ostali su neotkriveni i neprocesuirani.<\/p>\n<p>Deportacija BiH izbjeglica se desila na po\u010detku ratova u biv\u0161oj Jugoslaviji. Tada je, kao i danas, aktuelna i nepromijenjena vlast bila sau\u010desnik Srbije u ratnim pohodima, manjine je prikazivala kao arhineprijatelje srpstva i dr\u017eave, te su deportacija i ostali zlo\u010dini nad manjinama bio logi\u010dan slijed stvari. To je bila tada\u0161nja dr\u017eavna politika, \u010diji su najistaknutiji eksponenti bili Momir Bulatovi\u0107 i Milo \u0110ukanovi\u0107.<\/p>\n<p>Du\u0161ko Jovanovi\u0107 je ubijen zbog pisanja dnevnog lista \u010diji je bio glavni i odgovorni urednik \u2013 to je bar svima jasno. Pored ostalog, \u201eDan\u201c se najvi\u0161e bavio tada najunosnijom \u201eprivrednom granom\u201c u Crnoj Gori, \u0161vercom cigareta. Od tog \u201eprivre\u0111ivanja\u201c, svi znaju, sem tu\u017eila\u0161tvo i sudstvo, da se osim u dr\u017eavnu kasu veliki dio novca slivao u privatne d\u017eepove, prije svega porodice \u0110ukanovi\u0107 i njima bliskih osoba. Kako se radilo o \u201ebiznisu\u201c vrijednom stotine miliona eura, Jovanovi\u0107 je morao biti u\u0107utkan. Hicima.<\/p>\n<p>Od profita iz tog posla dobili smo \u201eSolanu\u201c i Barovi\u0107a, \u201ePrvu banku\u201c i Aca \u0110ukanovi\u0107a, \u201ePomorski saobra\u0107aj\u201c i bra\u0107u Ban&#8230;, ali i serije nerasvjetljenih ubistava.<\/p>\n<p>Sje\u0107a li se jo\u0161 ko ubistava Gorana \u017dugi\u0107a, Baje Sekuli\u0107a, Belog Raspopovi\u0107a&#8230;?<\/p>\n<p>Ovih dana je bilo jo\u0161 godi\u0161njica, kao npr. ona kada je aktivista DPS-a, u vrijeme \u201eizbora\u201c, prijetnjom i uno\u0161enjem lica kroz prozor automobila grmio na aktiviste opozicionih partija: \u201eKo ti je reka&#8217; da do\u0111e\u0161 na Konik?\u00a0 Pitam te, ko ti je reka&#8217; da do\u0111e\u0161 na Konik?\u201c<\/p>\n<p>&#8230;<\/p>\n<p>Prije dva dana su TV \u201eVijesti\u201c prikazali dokumentarni film \u201eKoverat\u201c. \u010cak bi i u nekoj latinoameri\u010dkoj diktaturi, poslije prikazivanja tako o\u010diglednih dokaza o korupciji i kra\u0111i izbora,\u00a0 tu\u017eilac morao da reaguje. Ili podnese ostavku. Ali svaka latinoameri\u010dka diktatura mo\u017ee biti uzor na\u0161oj \u201edemokratiji\u201c i \u201einstitucijama\u201c. Uz to, nijedna nije trajala \u010dak 30 godina.<\/p>\n<p>&#8230;<\/p>\n<p>Predsjednik nelegitimne Skup\u0161tine Crne Gore, formirane na neregularnim i pokradenim izborima, odr\u017eao je bukvicu ambasadorima EU i \u0161efu Kancelarije EU u Crnoj Gori, Aivu Oravu. I neka je, kada mu dozvoljavaju i kada mu mo\u017ee biti. Naveo je da Crna Gora predstavlja dodatnu vrijednost, dio sistema evropskih vrijednosti, pohvalio se na reforme i ostvarene rezultate&#8230;<\/p>\n<p>Ako su Koverat, korupcija, potpuna zarobljenost institucija, op\u0161ta plja\u010dka i kra\u0111a izbora &#8211; evropska vrijednost, onda je bio u pravom dru\u0161tvu. Ako nije, onda&#8230;?<\/p>\n<p>Osim \u0161to je na \u010delu neligitimne Skup\u0161tine, Brajovi\u0107 je bio la\u017eni svjedok u sudskom postupku (slu\u010daj Ramada), \u0161to ga \u010dini nedostojnim da bude predsjednik Skup\u0161tine i nedostojnim da bude u dru\u0161tvu diplomata koji dr\u017ee do sebe i svog ugleda.<\/p>\n<p>&#8230;<\/p>\n<p><img loading=\"lazy\" decoding=\"async\" class=\"size-full wp-image-266937 alignleft\" src=\"https:\/\/www.pcnen.com\/portal\/wp-content\/uploads\/2019\/05\/Stijpovi\u0107c-proslava.jpg\" alt=\"\" width=\"350\" height=\"178\" \/>Gost na proslavi Dana zavisnosti bio je biv\u0161i gradona\u010delnik i biv\u0161i nepismeni ministar prosvjete Stijepovi\u0107, poznat po tremi pred gospodarem i kako stavlja izbornu kovertu u d\u017eep svog sakoa. Uprkos snimku i nepobitnim dokazima da je napravio te\u0161ko krivi\u010dno djelo, dru\u0161tvo su mu pravili najve\u0107i dr\u017eavni funkcioneri, na \u010delu sa predsjednikom dr\u017eave i Vlade. \u0160to je najgore, tik pored njega su bili ministar pravde i predsjednica Vrhovnog suda Crne Gore, \u010duvena Vesna Medenica.<\/p>\n<p>Da imaju imalo li\u010dnog i profesionalnog kredibiliteta, zbog funkcija koje obavljuju, Pa\u017ein i Medenica bi demonstrativno napustile sve\u010danost, smatraju\u0107i prisustvo Stijepovi\u0107a li\u010dnom uvredom i diskreditacijom.<\/p>\n<p>&#8230;<\/p>\n<p>Za par dana iza\u0107i \u0107e novi izvje\u0161taj Evropska komisije o nazadku Crne Gore. Koji \u0107e, mo\u017eda, biti predstavljen i kao napredak?<\/p>\n<p>Poslije afere \u201eSnimak\u201c i obavezuju\u0107ih preporuka Komisije da slu\u010daj bude pravosudno i politi\u010dki sankcionisan &#8211; koje nijesu ispunjenje, crnogorski gra\u0111ani sve manje vjeruju Briselu, po\u010dinju da sumnjaju u njegove dobre namjere ili bar mo\u0107 da svoje preporuke sprovedu u dijelo. Vide da se Briselska administracija mijenja svake \u010detiri godine, a \u0110ukanovi\u0107 kao nosilac korupcije i kra\u0111e u Crnoj Gori je konstanta &#8211; du\u017ea i od samog postojanja EU.<\/p>\n<p>Mo\u017eda je i nad\u017eivi?<\/p>\n<p>Siguran sam da nema euroskeptika u Crnoj Gori koji bi se radovao raspadu Evropske unije koliko \u0110ukanovi\u0107. A on im je partner kome freneti\u010dno aplaudiraju u Evropskom parlamentu i kojeg primaju na najve\u0107em nivou, dok istovremeno njegov protivnike i borce protiv korupcije i za vladavinu prava primaju na zadnja vrata.<\/p>\n","protected":false},"excerpt":{"rendered":"<p>Pi\u0161e: Omer \u0160ARKI\u0106<\/p>\n","protected":false},"author":12,"featured_media":0,"comment_status":"open","ping_status":"closed","sticky":false,"template":"","format":"standard","meta":{"_seopress_robots_primary_cat":"","_seopress_titles_title":"","_seopress_titles_desc":"","_seopress_robots_index":"","_et_pb_use_builder":"","_et_pb_old_content":"","_et_gb_content_width":"","inline_featured_image":false,"footnotes":""},"categories":[17],"tags":[],"class_list":["post-275391","post","type-post","status-publish","format-standard","hentry","category-blogovi"],"_links":{"self":[{"href":"https:\/\/www.pcnen.com\/portal\/wp-json\/wp\/v2\/posts\/275391","targetHints":{"allow":["GET"]}}],"collection":[{"href":"https:\/\/www.pcnen.com\/portal\/wp-json\/wp\/v2\/posts"}],"about":[{"href":"https:\/\/www.pcnen.com\/portal\/wp-json\/wp\/v2\/types\/post"}],"author":[{"embeddable":true,"href":"https:\/\/www.pcnen.com\/portal\/wp-json\/wp\/v2\/users\/12"}],"replies":[{"embeddable":true,"href":"https:\/\/www.pcnen.com\/portal\/wp-json\/wp\/v2\/comments?post=275391"}],"version-history":[{"count":0,"href":"https:\/\/www.pcnen.com\/portal\/wp-json\/wp\/v2\/posts\/275391\/revisions"}],"wp:attachment":[{"href":"https:\/\/www.pcnen.com\/portal\/wp-json\/wp\/v2\/media?parent=275391"}],"wp:term":[{"taxonomy":"category","embeddable":true,"href":"https:\/\/www.pcnen.com\/portal\/wp-json\/wp\/v2\/categories?post=275391"},{"taxonomy":"post_tag","embeddable":true,"href":"https:\/\/www.pcnen.com\/portal\/wp-json\/wp\/v2\/tags?post=275391"}],"curies":[{"name":"wp","href":"https:\/\/api.w.org\/{rel}","templated":true}]}}