{"id":274776,"date":"2019-10-01T19:30:28","date_gmt":"2019-10-01T17:30:28","guid":{"rendered":"https:\/\/www.pcnen.com\/portal\/?p=274776"},"modified":"2019-10-01T19:30:28","modified_gmt":"2019-10-01T17:30:28","slug":"osam-kandidata-za-ombudsmana","status":"publish","type":"post","link":"https:\/\/www.pcnen.com\/portal\/2019\/10\/01\/osam-kandidata-za-ombudsmana\/","title":{"rendered":"Osam kandidata za ombudsmana"},"content":{"rendered":"<p>Na javni poziv za predlaganje kandidata za Za\u0161titnika ljudskih prava i sloboda Crne Gore, koji je raspisao predsjednik Crne Gore Milo \u0110ukanovi\u0107, dostavljeno je deset obrazlo\u017eenih predloga, od kojih, kako je saop\u0161teno iz kabineta predsjednika, dva kao nepotpuni nijesu razmatrani.<\/p>\n<p>Na listi kandidata su Azra Jasavi\u0107, Jelena Ru\u017ei\u010di\u0107, Neboj\u0161a Vu\u010dini\u0107, Nikola Belada, Radenko Lacmanovi\u0107, Sini\u0161a Bjekovi\u0107, Valentina Radulovi\u0107 \u0160\u0107epanovi\u0107 i Zdenka Perovi\u0107, prenosi Mina.<\/p>\n<p>Iz kabineta predsjednika su kazali da listu objavljuju \u201ena osnovu potpunih i blagovremenih predloga dostavljenih od strane zainteresovanih stru\u010dnih i nau\u010dnih institucija i nevladinih organizacija, \u010dija je osnovna djelatnost za\u0161tita ljudskih prava i sloboda\u201c.<\/p>\n<p>Javni poziv za predlaganje kandidata za Za\u0161titnika ljudskih prava i sloboda Crne Gore raspisan je 1. septembra, a bio je otvoren do 27. septembra.<\/p>\n<p>Dosada\u0161nji Za\u0161titnik ljudskih prava i sloboda \u0160u\u0107ko Bakovi\u0107 je 30. juna podnio ostavku na tu funkciju prije isteka vremena na koji je imenovan, zbog sticanja uslova za penziju.<\/p>\n","protected":false},"excerpt":{"rendered":"<p>Dosada\u0161nji Za\u0161titnik ljudskih prava i sloboda \u0160u\u0107ko Bakovi\u0107 je 30. juna podnio ostavku<\/p>\n","protected":false},"author":1,"featured_media":0,"comment_status":"open","ping_status":"closed","sticky":false,"template":"","format":"standard","meta":{"_seopress_robots_primary_cat":"","_seopress_titles_title":"","_seopress_titles_desc":"","_seopress_robots_index":"","_et_pb_use_builder":"","_et_pb_old_content":"","_et_gb_content_width":"","inline_featured_image":false,"footnotes":""},"categories":[14],"tags":[],"class_list":["post-274776","post","type-post","status-publish","format-standard","hentry","category-vijesti"],"_links":{"self":[{"href":"https:\/\/www.pcnen.com\/portal\/wp-json\/wp\/v2\/posts\/274776","targetHints":{"allow":["GET"]}}],"collection":[{"href":"https:\/\/www.pcnen.com\/portal\/wp-json\/wp\/v2\/posts"}],"about":[{"href":"https:\/\/www.pcnen.com\/portal\/wp-json\/wp\/v2\/types\/post"}],"author":[{"embeddable":true,"href":"https:\/\/www.pcnen.com\/portal\/wp-json\/wp\/v2\/users\/1"}],"replies":[{"embeddable":true,"href":"https:\/\/www.pcnen.com\/portal\/wp-json\/wp\/v2\/comments?post=274776"}],"version-history":[{"count":0,"href":"https:\/\/www.pcnen.com\/portal\/wp-json\/wp\/v2\/posts\/274776\/revisions"}],"wp:attachment":[{"href":"https:\/\/www.pcnen.com\/portal\/wp-json\/wp\/v2\/media?parent=274776"}],"wp:term":[{"taxonomy":"category","embeddable":true,"href":"https:\/\/www.pcnen.com\/portal\/wp-json\/wp\/v2\/categories?post=274776"},{"taxonomy":"post_tag","embeddable":true,"href":"https:\/\/www.pcnen.com\/portal\/wp-json\/wp\/v2\/tags?post=274776"}],"curies":[{"name":"wp","href":"https:\/\/api.w.org\/{rel}","templated":true}]}}