{"id":274719,"date":"2019-10-01T07:32:31","date_gmt":"2019-10-01T05:32:31","guid":{"rendered":"https:\/\/www.pcnen.com\/portal\/?p=274719"},"modified":"2019-10-01T07:32:31","modified_gmt":"2019-10-01T05:32:31","slug":"o-greti-thunberg-ili-o-nama","status":"publish","type":"post","link":"https:\/\/www.pcnen.com\/portal\/2019\/10\/01\/o-greti-thunberg-ili-o-nama\/","title":{"rendered":"O Greti Thunberg, ili o nama"},"content":{"rendered":"<p><strong>Pi\u0161e: Selma Asoti\u0107<\/strong><\/p>\n<p>U ponedjeljak 23. septembra, \u0161vedska aktivistica Greta Thunberg odr\u017eala je govor na UN-ovom samitu o klimatskim promjenama, tri dana nakon \u0161to je govorila pred desetinama hiljada ljudi koji su u\u010destvovali u klimatskom \u0161kolskom \u0161trajku u New Yorku. Od tada su ona i njen aktivizam postali predmet \u017eustrih rasprava.<\/p>\n<p>Bilo bi te\u0161ko popisati sve \u0161to se spo\u010ditava Thunberg. Dobar dio kritika, uglavnom onih koji dolaze s desna, o\u010dekivano je ukorijenjen u najbazi\u010dnijoj mizoginiji. Greta Thunberg je djevoj\u010dica. Ima \u0161esnaest godina. Rijetko se smije i ne mari za pravila pristojnog pona\u0161anja. Ne zazire od sukoba, niti poku\u0161ava po svaku cijenu ubla\u017eiti tenzije nau\u0161trb vlastitog integriteta. Ukratko, ona je sve \u0161to patrijarhat govori djevoj\u010dicama da ne smiju biti. Ali protiv Grete Thunberg ne bijesne samo desni\u010dari ugro\u017eenog mu\u017eja\u010dkog identiteta. Kritike dolaze i od liberala i ljevi\u010dara za koje je Thunberg ili dokona bur\u017eujka ili antifa radikalka, vrsna manipulatorica ili bespomo\u0107na \u017ertva manipulacije, medijski projekt, histeri\u010dna djevoj\u010dica koje pretjeruje i nepotrebno unosi paniku (gdje li smo ranije \u010dule ovo o histerisanju i pretjerivanju?). Thunberg je, dakle, ne\u0161to poput \u0160redingerove ma\u010dke, samo gore.<\/p>\n<blockquote><p>MNOGE LJEVI\u010cARKE I LJEVI\u010cARI OPRAVDANO GLEDAJU S PODOZRENJEM NA MEDIJSKI SPEKTAKL KOJI SE RAZVIO OKO OVE DJEVOJ\u010cICE. ALI \u010cINI MI SE DA ODBACIVANJEM GRETE THUNBERG KAO PERFIDNOG MEDIJSKOG PROJEKTA KOJI SLU\u017dI PREUSMJERAVANJU I RAZVODNJAVANJU BIJESA ZBOG KLIMATSKIH PROMJENA RIZIKUJEMO DA NE VIDIMO \u0160UMU OD STABALA.<\/p><\/blockquote>\n<p>Mnoge ljevi\u010darke i ljevi\u010dari opravdano gledaju s podozrenjem na medijski spektakl koji se razvio oko ove djevoj\u010dice. Ali \u010dini mi se da odbacivanjem Grete Thunberg kao perfidnog medijskog projekta koji slu\u017ei preusmjeravanju i razvodnjavanju bijesa zbog klimatskih promjena rizikujemo da ne vidimo \u0161umu od stabala.<\/p>\n<p>Bilo je sasvim o\u010dekivano da \u0107e liberalni mainstream mediji poku\u0161ati monetizirati Gretu, pretvaraju\u0107i je u hodaju\u0107e oli\u010denje floskula o snazi pojedinca da promijeni svijet. Mnogima je aplauz koji je dobila od svjetskih lidera nakon \u0161to ih je po\u0161teno naru\u017eila u svom govoru potvrdio krajnju izli\u0161nost njenog anga\u017emana. Nema ni\u0161ta revolucionarno u kazivanju istine pred ljudima koji istinu ve\u0107 znaju, ali im nije u interesu da se njome rukovode. Ona ih pita kako vas nije stid, a oni joj plje\u0161\u0107u. Zar taj aplauz nije dokaz da je Thunberg samo dobro projektirana medijska senzacija koja \u0107e svjetskoj politi\u010dkoj eliti zapravo pomo\u0107i da odr\u017ei vlast i izbjegne stvarne posljedice?<\/p>\n<p>Prisustvovala sam klimatskom \u0161trajku koji je organizovan u New Yorku u petak, 20. septembra. Me\u0111u desetinama hiljada ljudi koji su tog dana iza\u0161li na njujor\u0161ke ulice najvi\u0161e je bilo djece, Gretinog uzrasta i mla\u0111e. Usred New Yorka, na Foley Squareu odakle je krenula protestna povorka vidjela sam grupu mla\u0111ih tinejd\u017eera koji dr\u017ee znak sa porukom \u201csocijalisti\u010dko planiranje, ne kapitalisti\u010dki haos\u201d. Drugi su nosili transparente sa natpisima usmjerenim protiv uni\u0161tavanja planete radi finansijske koristi nekolicine, prolaze\u0107i blizu Wall Streeta uzvikivali su Eat the Rich!<\/p>\n<p>Poku\u0161avam re\u0107i da poenta nije u svjetskim liderima koji aplaudiraju Greti, jer oni i nisu pravi adresati njenih rije\u010di. Poenta je u toj djeci. Djeci koja su gledala njihovu vr\u0161njakinju kako u UN-u, pred najmo\u0107nijim ljudima na svijetu, raskrinkava kapitalisti\u010dku \u201cbajku beskona\u010dnog rasta\u201d, kako im bez ustru\u010davanja govori \u201cne\u0107emo vam oprostiti. Ne\u0107emo dopustiti da pro\u0111ete neka\u017enjeno. Ovdje i sada, povla\u010dimo crtu. Svijet se budi. I promjene dolaze, svidjelo se to vama ili ne\u201d.<\/p>\n<p>Greta Thunberg govorila je onima koji se bude. Svojim vr\u0161njakinjama i vr\u0161njacima pokazala je da ne trebaju gajiti nikakvo strahopo\u0161tovanje prema ljudima koji sjede na nekakvim UN-ovim samitima, jer politika nije ne\u0161to \u0161to se de\u0161ava iza zatvorenih vrata svjetskih centara mo\u0107i, me\u0111u ljudima dovoljno odraslim i posebno educiranim da se njome bave.<\/p>\n<p>Jasno nam je svima: promjene se ne de\u0161avaju tako \u0161to jedna jedina djevoj\u010dica ustane jedno jutro i odlu\u010di promijeniti svijet. Ali zato bi se mogle desiti uslijed organizovanog politi\u010dkog djelovanja generacija koje su, dobrim dijelom zahvaljuju\u0107i toj djevoj\u010dici, iza\u0161le na ulice. Umjesto \u0161to se natje\u010demo ko \u0107e prije dokazati da nam Greta Thunberg nije nikakva saborkinja, zar nije va\u017enije fokusirati se na \u010dinjenicu da se ogroman broj mladih ljudi po\u010dinje uklju\u010divati u politi\u010dki proces, da ve\u0107 u\u010de \u0161ta zna\u010di organizovati i boriti se, da su im aktivistice poput Grete jasno dale znak da nikada nije prerano po\u010deti kriti\u010dki promi\u0161ljati svijet oko sebe. Gretine vr\u0161njakinje i vr\u0161njaci iza\u0161li su na ulicu. Zar nije na\u0161a zada\u0107a da ih podr\u017eimo i uradimo sve \u0161to je u na\u0161oj mo\u0107i da tu i ostanu? Zar nije puno va\u017enije pobrinuti se da te djevoj\u010dice i dje\u010daci imaju \u0161ta spasiti?<\/p>\n<blockquote><p>POENTA NIJE U SVJETSKIM LIDERIMA KOJI APLAUDIRAJU GRETI, JER ONI I NISU PRAVI ADRESATI NJENIH RIJE\u010cI. POENTA JE U TOJ DJECI. DJECI KOJA SU GLEDALA NJIHOVU VR\u0160NJAKINJU KAKO U UN-U, PRED NAJMO\u0106NIJIM LJUDIMA NA SVIJETU, RASKRINKAVA KAPITALISTI\u010cKU \u201cBAJKU BESKONA\u010cNOG RASTA\u201d, KAKO IM BEZ USTRU\u010cAVANJA GOVORI \u201cNE\u0106EMO VAM OPROSTITI. NE\u0106EMO DOPUSTITI DA PRO\u0110ETE NEKA\u017dNJENO. OVDJE I SADA, POVLA\u010cIMO CRTU. SVIJET SE BUDI. I PROMJENE DOLAZE, SVIDJELO SE TO VAMA ILI NE\u201d.<\/p><\/blockquote>\n<p>U moru kritika Grete Thunberg najgore su one proiza\u0161le iz podsmijeha. U posljednjih nekoliko dana pro\u010ditala sam bezbroj komentara o tome kako je Greta samo jedna privilegirana djevoj\u010dica koja je smislila ingeniozan na\u010din da se ispali iz \u0161kole. Njena uvjerenja ne uzimaju se ozbiljno. Njeno djelovanje je u najbolju ruku smije\u0161no, u najgoru pateti\u010dno. Ovo cini\u010dno, podrugljivo podsmijavanje Greti zapravo je podsmijavanje ideji da ona mo\u017ee i treba razmi\u0161ljati i boriti se za ne\u0161to \u0161to nadilazi njenu li\u010dnu egzistenciju.<\/p>\n<p>Tim ljudima je smije\u0161na sama pomisao o prepoznavanju i bespo\u0161tednom zauzimanju za zajedni\u010dko dobro. Cinizam Gretinih kriti\u010dara otkriva nemogu\u0107nost da se iskora\u010di van okvira li\u010dnog interesa i oslobodi ideolo\u0161ke pretpostavke da su ljudi prirodno sebi\u010dni i koristoljubivi. I upravo zbog ovog cinizma spremna sam pomisliti kako klju\u010dno pitanje u ovom trenutku nije za\u0161to Greta sve ovo radi, ve\u0107 kad smo postali potpuno nesposobni da joj povjerujemo.<\/p>\n<p><a href=\"https:\/\/voxfeminae.net\/pravednost\/o-greti-thunberg-ili-o-nama\/\">voxfeminae.net<\/a><\/p>\n","protected":false},"excerpt":{"rendered":"<p>Greta Thunberg je djevoj\u010dica. Ima \u0161esnaest godina. Rijetko se smije i ne mari za pravila pristojnog pona\u0161anja.<\/p>\n","protected":false},"author":1,"featured_media":271573,"comment_status":"open","ping_status":"closed","sticky":false,"template":"","format":"standard","meta":{"_seopress_robots_primary_cat":"","_seopress_titles_title":"","_seopress_titles_desc":"","_seopress_robots_index":"","_et_pb_use_builder":"","_et_pb_old_content":"","_et_gb_content_width":"","inline_featured_image":false,"footnotes":""},"categories":[5],"tags":[],"class_list":["post-274719","post","type-post","status-publish","format-standard","has-post-thumbnail","hentry","category-drugi-pisu"],"_links":{"self":[{"href":"https:\/\/www.pcnen.com\/portal\/wp-json\/wp\/v2\/posts\/274719","targetHints":{"allow":["GET"]}}],"collection":[{"href":"https:\/\/www.pcnen.com\/portal\/wp-json\/wp\/v2\/posts"}],"about":[{"href":"https:\/\/www.pcnen.com\/portal\/wp-json\/wp\/v2\/types\/post"}],"author":[{"embeddable":true,"href":"https:\/\/www.pcnen.com\/portal\/wp-json\/wp\/v2\/users\/1"}],"replies":[{"embeddable":true,"href":"https:\/\/www.pcnen.com\/portal\/wp-json\/wp\/v2\/comments?post=274719"}],"version-history":[{"count":0,"href":"https:\/\/www.pcnen.com\/portal\/wp-json\/wp\/v2\/posts\/274719\/revisions"}],"wp:featuredmedia":[{"embeddable":true,"href":"https:\/\/www.pcnen.com\/portal\/wp-json\/wp\/v2\/media\/271573"}],"wp:attachment":[{"href":"https:\/\/www.pcnen.com\/portal\/wp-json\/wp\/v2\/media?parent=274719"}],"wp:term":[{"taxonomy":"category","embeddable":true,"href":"https:\/\/www.pcnen.com\/portal\/wp-json\/wp\/v2\/categories?post=274719"},{"taxonomy":"post_tag","embeddable":true,"href":"https:\/\/www.pcnen.com\/portal\/wp-json\/wp\/v2\/tags?post=274719"}],"curies":[{"name":"wp","href":"https:\/\/api.w.org\/{rel}","templated":true}]}}