{"id":274299,"date":"2019-09-25T06:08:53","date_gmt":"2019-09-25T04:08:53","guid":{"rendered":"http:\/\/www.pcnen.com\/portal\/?p=274299"},"modified":"2019-09-24T23:48:55","modified_gmt":"2019-09-24T21:48:55","slug":"rasizam-prerusen-u-aktivizam-za-prava-zivotinja","status":"publish","type":"post","link":"https:\/\/www.pcnen.com\/portal\/2019\/09\/25\/rasizam-prerusen-u-aktivizam-za-prava-zivotinja\/","title":{"rendered":"Rasizam preru\u0161en u aktivizam za prava \u017eivotinja?"},"content":{"rendered":"<p><strong>Pi\u0161e: Robert Kasumovi\u0107<\/strong><\/p>\n<p>Sredinom septembra na fejsbuk stranici \u201ePokret Levijatan \u2013 STOP Animal ABUSE\u201c objavljen je snimak u kome maloletni Rom iz naselja Crvena Zvezda u Ni\u0161u tu\u010de konja na ulici u blizini pomenutog naselja. Dan nakon objavljivanja snimka usledila je akcija desni\u010darskih pokreta \u201eLevijatan\u201c i \u201eSrbska \u010dast\u201c u kojoj je pomenuti konj oduzet porodici u \u010dijem je vlasni\u0161tvu.<\/p>\n<p>Me\u0111utim, iako je konj oduzet vlasnicima bez prisustva bilo kog nadle\u017enog organa, Bojan Stojkovi\u0107, osniva\u010d organizacije \u201eSrbska \u010dast\u201c, iskoristio je tu priliku i da, uz pretnje, prevaspita i edukuje mladog Roma.<\/p>\n<p>Pitanja koja se nakon svega name\u0107u su: koliko su zapravo ugro\u017eene \u017eivotinje u romskim naseljima, ko bi trebao da vodi ra\u010duna i reaguje u slu\u010daju nasilja nad \u017eivotinjama i \u0161ta su zapravo interesi desni\u010darskih organizacija koji se ovim pitanjima bave?<\/p>\n<p><strong>\u017divotinje u romskim naseljima<\/strong><\/p>\n<p>Unutar romskih naselja mogu se na\u0107i dve grupacije \u017eivotinja. Zbog urbanisti\u010dke neure\u0111enosti i infrastrukturne zapu\u0161tenosti, romska naselja \u010desto predstavljaju skloni\u0161te za napu\u0161tene \u017eivotinje, pa se u ovim naseljima mo\u017ee videti veliki broj nekastriranih ma\u010daka i pasa, koji se progresivno razmno\u017eavaju.<\/p>\n<p>Iako se za prisustvo ovih \u017eivotinja naj\u010de\u0161\u0107e krive Romi, evidentno je da u \u010ditavoj zemlji raste broj napu\u0161tenih \u017eivotinja na ulicama, a da ozbiljnijih mera za spre\u010davanje ovog trenda od strane dr\u017eave nema i ako su primeri nekih zemalja (recimo Argentine) pokazali da se medijskim kampanjama i akcijama sterilizacije, ovaj problem mo\u017ee dovesti u red.<\/p>\n<blockquote><p>U ROMSKOJ ZAJEDNICI POSTOJE LJUDI KOJI NA ODGOVARAJU\u0106I NA\u010cIN BRINU O SVOJIM \u017dIVOTINJAMA, KAO I ONI KOJE SVOJE \u017dIVOTINJE ZANEMARUJU I ZLOSTAVLJAJU, ALI OVA SITUACIJA SE NI PO \u010cEMU NE RAZLIKUJE OD SITUACIJE U VE\u0106INSKOM DRU\u0160TVU.<\/p><\/blockquote>\n<p>Druga grupacija \u017eivotinja koja je prisutna u romskim naseljima su \u017eivotinje koje Romi koriste za svakodnevni rad, a to su naj\u010de\u0161\u0107e magarci i konji. Kori\u0161\u0107enje \u017eivotinja za rad povezano je sa naj\u010de\u0161\u0107im zanimanjem unutar romske zajednice, a to je sakupljanje sekundarnih sirovina. S obzirom da je sakupljanje sekundarnih sirovina te\u017eak posao, kori\u0161\u0107enje \u017eivotinja doprinosi lak\u0161em transportu i br\u017eem obavljanju posla.<\/p>\n<p>Veoma lo\u0161a situacija unutar romskih naselja u kojima u velikom broju slu\u010dajeva ne postoje osnovni uslovi za pristojan \u017eivot ljudi, zna\u010di da u njima ne postoje uslovi ni za odgovaraju\u0107e \u010duvanje i brigu o \u017eivotinjama. S toga se mo\u017ee re\u0107i da ove \u017eivotinje dele sudbinu svojih vlasnika i da \u017eive u podjednako lo\u0161im uslovima kao i oni.<\/p>\n<p>U romskoj zajednici postoje ljudi koji na odgovaraju\u0107i na\u010din brinu o svojim \u017eivotinjama, kao i oni koje svoje \u017eivotinje zanemaruju i zlostavljaju, ali ova situacija se ni po \u010demu ne razlikuje od situacije u ve\u0107inskom dru\u0161tvu.<\/p>\n<p>Najbolji primer ovoga upravo predstavlja veliki broj napu\u0161tenih pasa i ma\u010dka koji su u velikoj ve\u0107ini slu\u010dajeva \u017eivotinje napu\u0161tene od strane vlasnika.<\/p>\n<p><strong>Ljubav prema \u017eivotinjama?<\/strong><\/p>\n<p>Ne postoji opravdanje za nasilje nad \u017eivotinjama i ljudi koji to \u010dine moraju biti sankcionisani od strane nadle\u017enih organa.<\/p>\n<p>Aktivisti, za\u0161titinici \u017eivotinja, se \u010desto \u017eale da nereagovanje policije i komunalne policije na prijave nasilja nad \u017eivotinjama, \u0161to pokazuje da u \u010ditavom sistemu spre\u010davanja nasilja postoji vakum, pa nasilnici \u010desto ostanu neka\u017enjeni.<\/p>\n<p>Iako se u zakonu o dobrobiti \u017eivotinja znatan deo odgovornosti spu\u0161ta na nivo lokalnih samouprava kada je u pitanju organizovanje zoohigijenskih slu\u017ebi, pitanje odnosa izme\u0111u \u010doveka, doma\u0107ih, napu\u0161tenih i divljih \u017eivotinja predstavlja kompleksan problem koji u Srbiji jo\u0161 uvek nije do\u0161ao na dnevni red i nema svoj institucionalni okvir.<\/p>\n<p>U ovako neure\u0111enom sistemu bez nazna\u010denih odgovornosti i mera koje bi dovele do boljitka, veliki broj udru\u017eenja ljubitelja \u017eivotinja i entuzijasta poku\u0161ava da svojim dejstvom nadomesti ili barem ubla\u017ei nebrigu i neefikasnost dr\u017eave u ovom polju.<\/p>\n<p>Upravo taj prostor vrlo ve\u0161to ve\u0107 godinama koriste neke desni\u010darske organizacije, koji temu spa\u0161avanja \u017eivotinja prevode u akcije koje mnogi vide kao rasisti\u010dke. Jedna od najuspe\u0161nijih takvih organizacija je Levijatan, \u010diji aktivisti, pre svega Pavle Bihali sve \u010de\u0161\u0107e sprovode akcije maltretiranja Roma dok obavljaju svakodnevni rad na ulicama.<\/p>\n<p>Akcija oduzimanja konja u naselju Crvena Zvezda u Ni\u0161u sprovedena od strane desni\u010darske organizacije \u201eSrbska \u010dast\u201c samo je dokaz ovakvih pretpostavki i \u010dinjenice da ove organizacije prikupljaju sve ve\u0107i broj pristalica na ra\u010dun spa\u0161avanja \u017eivotinja, dok se zapravo bave svojim primarnom delatno\u0161\u0107u, a to je zastra\u0161ivanje ljudi.<\/p>\n<p>\u010cinjenica je da do danas ne postoje nikakve osude politi\u010dkih zvani\u010dnika niti su protiv njih pokrenuti bilo kakvi sudski procesi za nasilno upadanje, zastra\u0161ivanje, prevaspitavanje (uz pretnje) i oduzimanje \u017eivotinje, samo ukazuje da navedene organizacije itekako imaju svoje upori\u0161te u vlastima.<\/p>\n<p>To otvara prostor za sumnju da se nedavni doga\u0111aji mogu sagledati kao odraz stavova odre\u0111enih politi\u010dkih mo\u0107nika prema romskoj nacionalnoj manjini, koji se ogledaju u tolerisanju desni\u010dara koji su preru\u0161eni u ljubitelje \u017eivotinja.<\/p>\n<blockquote><p>SVE DOK JE ROMSKO DRU\u0160TVO SEGREGIRANO I DOK POSTOJI OZBILJNA INSTITUCIONALNA DISKRIMIACIJA PREMA ROMIMA I ROMKINJAMA, DOK SE PROBLEMI NEZAPOSLENOSTI I NEURE\u0110ENOSTI ROMSKIH NASELJA NE SAGLEDAJU SISTEMSKI, PROBLEMI ROMA PA I \u017dIVOTINJA KOJE POSEDUJU OSTA\u0106E NERE\u0160ENA TEMA I PROSTOR ZA ZLOSTAVLJANJE I MALTRETIRANJE I JEDNIH I DRUGIH.<\/p><\/blockquote>\n<p>Ovim tvrdnjama doprinosi jo\u0161 jedna jako va\u017ena \u010dinjenica, a to je da pojedini \u201eRomi\u201d, nisu videli ni\u0161ta lo\u0161e u ovim akcijama i da su javno isticali svoje \u201ebratske\u201c odnose sa desni\u010darima koji prevaspitavaju maloletnike. Upravo ti \u201eRomi\u201d, su pre svega lokalni aktivisti Srpske Napredne Stranke, od \u010dijih izjava se javno ogradio i Nacionalni savet Roma (ali je to saop\u0161tenje naknadno uklonjeno) i oni isklju\u010divo zastupaju strana\u010dke interese a ne interese Romske zajednice.<\/p>\n<p>Problem zlostavljanja \u017eivotinja je veliki problem \u010ditave Srbije i time bi trebalo da se bave institucije. Paravojne formacije desni\u010darskih organizacija ne bi smele da oduzimaju tu\u0111u imovinu, niti da nasilno prevaspitavaju maloletna lica, a da za to ne snose nikakve sankcije pravosudnog sistema i nadle\u017enih policijskih organa.<\/p>\n<p>Sve dok je Romsko dru\u0161tvo segregirano i dok postoji ozbiljna institucionalna diskrimiacija prema Romima i Romkinjama, dok se problemi nezaposlenosti i neure\u0111enosti romskih naselja ne sagledaju sistemski, problemi Roma pa i \u017eivotinja koje poseduju osta\u0107e nere\u0161ena tema i prostor za zlostavljanje i maltretiranje i jednih i drugih.<\/p>\n<p><a href=\"http:\/\/www.masina.rs\/?p=10889\">Ma\u0161ina<\/a><\/p>\n","protected":false},"excerpt":{"rendered":"<p>Problem zlostavljanja \u017eivotinja je veliki problem \u010ditave Srbije i time bi trebalo da se bave institucije<\/p>\n","protected":false},"author":1,"featured_media":0,"comment_status":"open","ping_status":"closed","sticky":false,"template":"","format":"standard","meta":{"_seopress_robots_primary_cat":"","_seopress_titles_title":"","_seopress_titles_desc":"","_seopress_robots_index":"","_et_pb_use_builder":"","_et_pb_old_content":"","_et_gb_content_width":"","inline_featured_image":false,"footnotes":""},"categories":[5],"tags":[],"class_list":["post-274299","post","type-post","status-publish","format-standard","hentry","category-drugi-pisu"],"_links":{"self":[{"href":"https:\/\/www.pcnen.com\/portal\/wp-json\/wp\/v2\/posts\/274299","targetHints":{"allow":["GET"]}}],"collection":[{"href":"https:\/\/www.pcnen.com\/portal\/wp-json\/wp\/v2\/posts"}],"about":[{"href":"https:\/\/www.pcnen.com\/portal\/wp-json\/wp\/v2\/types\/post"}],"author":[{"embeddable":true,"href":"https:\/\/www.pcnen.com\/portal\/wp-json\/wp\/v2\/users\/1"}],"replies":[{"embeddable":true,"href":"https:\/\/www.pcnen.com\/portal\/wp-json\/wp\/v2\/comments?post=274299"}],"version-history":[{"count":0,"href":"https:\/\/www.pcnen.com\/portal\/wp-json\/wp\/v2\/posts\/274299\/revisions"}],"wp:attachment":[{"href":"https:\/\/www.pcnen.com\/portal\/wp-json\/wp\/v2\/media?parent=274299"}],"wp:term":[{"taxonomy":"category","embeddable":true,"href":"https:\/\/www.pcnen.com\/portal\/wp-json\/wp\/v2\/categories?post=274299"},{"taxonomy":"post_tag","embeddable":true,"href":"https:\/\/www.pcnen.com\/portal\/wp-json\/wp\/v2\/tags?post=274299"}],"curies":[{"name":"wp","href":"https:\/\/api.w.org\/{rel}","templated":true}]}}