{"id":274238,"date":"2019-09-24T07:01:38","date_gmt":"2019-09-24T05:01:38","guid":{"rendered":"http:\/\/www.pcnen.com\/portal\/?p=274238"},"modified":"2019-09-24T07:01:38","modified_gmt":"2019-09-24T05:01:38","slug":"rdava-evropa","status":"publish","type":"post","link":"https:\/\/www.pcnen.com\/portal\/2019\/09\/24\/rdava-evropa\/","title":{"rendered":"R\u0111ava Evropa"},"content":{"rendered":"<p><strong>Pi\u0161e: Tena Erceg<\/strong><\/p>\n<p>Novoizabrana predsjednica Evropske komisije (EK) Ursula von der Leyen na du\u017enost \u0107e stupiti tek u studenome, no ve\u0107 joj je po\u0161lo za rukom osupnuti zainteresiranu javnost svojim naizgled ke\u017eualnim pristupom novom poslu, ali i ne\u0161to zlokobnijim namjerama koje iza tog pristupa proviruju. Odlu\u010dila je naime preimenovati neka ministarstva kako bi ona zvu\u010dala manje formalno i vi\u0161e \u2018orijentirano na ciljeve\u2019, pa \u0107e Komisija ubudu\u0107e imati povjerenike i povjerenice za \u2018Evropu sna\u017eniju u svijetu\u2019 umjesto za vanjske poslove, za \u2018Evropu spremnu za digitalno doba\u2019 umjesto za zajedni\u010dko digitalno tr\u017ei\u0161te, te za \u2018demokraciju i demografiju\u2019, o \u010demu \u0107e skrbiti HDZ-ova Dubravka \u0160uica. Ministarstvo za Susjedske politike i pro\u0161irenje vodit \u0107e pak ni manje ni vi\u0161e nego biv\u0161i ma\u0111arski ministar pravosu\u0111a L\u00e1szl\u00f3 Tr\u00f3cs\u00e1nyi iz stranke Fidesz tamo\u0161njeg premijera Viktora Orbana. Orbanova vlada najpoznatija je, a time valjda i najkvalificiranija da se bavi \u2018susjedskim politikama\u2019, po opasivanju Ma\u0111arske \u017eilet-\u017eicom i teritorijalnim pretenzijama prema susjednoj Rumunjskoj, dok su se za vrijeme Tr\u00f3cs\u00e1nyija dogodili neki od najgorih pravosudnih nasrtaja na nevladine organizacije, medije i izbjeglice, zbog \u010dega je Ma\u0111arska bila i pod suspenzijom EK-a.<\/p>\n<blockquote><p>VON DER LEYEN U PISMU USTVR\u0110UJE DA JE \u2018EVROPSKI NA\u010cIN \u017dIVOTA IZGRA\u0110EN NA SOLIDARNOSTI, DU\u0160EVNOM MIRU I SIGURNOSTI\u2019 PA JE STOGA POTREBNO \u2018ADRESIRATI I UMANJITI LEGITIMNE STRAHOVE I BRIGE ZBOG UTJECAJA IREGULARNIH MIGRACIJA NA NA\u0160U EKONOMIJU I DRU\u0160TVO\u2019<\/p><\/blockquote>\n<p>Ipak, najvi\u0161e zgra\u017eanja izazvalo je imenovanje povjerenstva za \u2018za\u0161titu na\u0161eg evropskog na\u010dina \u017eivota\u2019 (Protecting our European Way of Life), na \u010dijem \u0107e \u010delu sjediti dugogodi\u0161nji gr\u010dki eurokrat Margaritis Schinas, koji je dosad obna\u0161ao funkciju glavnog glasnogovornika EK-a. Budu\u0107i da naziv neodoljivo bazdi na rasizam i bijeli supremacizam, na Ursulu von der Leyen odmah po predstavljanju njezinog \u2018koled\u017ea povjerenika\u2019 digla se kuka i motika te je promptno zatra\u017eeno da se ministarstvo druga\u010dije nazove. Predsjednik grupe zelenih u Evropskom parlamentu Philippe Lamberts predsjednici je poru\u010dio da je \u2018potpuno bjela\u010dka Evropska komisija koja tvrdi da brani \u2018na\u0161 evropski na\u010din \u017eivota\u2019 miljama daleko od ideja jedinstva i razli\u010ditosti na kojima je unija izgra\u0111ena\u2019, dok su iz Evropske ujedinjene ljevice\/Nordijske zelene ljevice poru\u010dili da naziv pokazuje da evropski pu\u010dani (EPP), iz \u010dijih je redova na \u010delo Komisije instalirana von der Leyen, \u2018sve vi\u0161e kooptiraju jezik krajnje desnice\u2019. Odlaze\u0107i ministar za migracije Dimitris Avramopoulos na televiziji Euronews rekao je da je taj termin \u2018prvi put upotrijebljen 1933., kada je Hitler do\u0161ao na vlast\u2019, a pobunio se i biv\u0161i predsjednik EK-a Jean-Claude Juncker. Nizozemska liberalna zastupnica Sophia in \u2018t Veld, koja se bavi migracijskim zakonima, rekla je da je \u2018implikacija da Evropljane treba \u0161tititi od vanjskih kultura groteskna i treba je odbaciti\u2019, dok su iz vode\u0107ih nevladinih organizacija tako\u0111er ustvrdili da je stavljanje u kontradikciju migracija i sigurnosti krajnje zabrinjavaju\u0107e. Analiziraju\u0107i naziv, Human Rights Watch upotrijebio je izraz \u2018mejnstrimizacija ekstremizma\u2019, dok je ekolo\u0161ka organizacija Friends of the Earth \u2018ideju da Evropljane treba \u0161tititi od vanjskih kultura\u2019 nazvala \u2018fa\u0161isti\u010dkim razmi\u0161ljanjem\u2019.<\/p>\n<p>Sve ove izjave proiza\u0161le su iz logi\u010dnih prvih pitanja koja se name\u0107u kada se pro\u010dita naziv novog povjerenstva, naime kako se to definira \u2018evropski na\u010din \u017eivota\u2019 i \u0161to ga toliko ugro\u017eava da ga je potrebno \u0161tititi posebnim ministarstvom. Odgovori na ta pitanja mogu se prona\u0107i u \u2018pismu misije\u2019 koje je von der Leyen poslala Margaritisu Schinasu, a iz kojega se vidi da funkcija koju \u0107e on obna\u0161ati inkorporira du\u017enosti koje je prethodno obna\u0161ao povjerenik za migracije, zajedno s kontrolom vanjskih granica, sigurno\u0161\u0107u, zapo\u0161ljavanjem i obrazovanjem.<\/p>\n<p>Spomenuto pismo, duga\u010dko \u0161est stranica, sastoji se od uvodnog, generi\u010dkog dijela u kojemu se nova predsjednica EK-a obra\u0107a svim novim povjerenicima, dok su preostale tri stranice upu\u0107ene konkretno Schinasu. U tom dijelu von der Leyen odmah na po\u010detku ustvr\u0111uje da je \u2018evropski na\u010din \u017eivota izgra\u0111en na solidarnosti, du\u0161evnom miru i sigurnosti\u2019 pa je stoga potrebno \u2018adresirati i umanjiti legitimne strahove i brige zbog utjecaja iregularnih migracija na na\u0161u ekonomiju i dru\u0161tvo\u2019. Ne\u0161to dalje, predsjednica Komisije tvrdi da je potrebno \u2018tje\u0161nje sura\u0111ivati na sigurnosti, naro\u010dito u vezi novih prijetnji koje iskrsavaju preko granica i politika\u2019, iz \u010dega se jasno mo\u017ee zaklju\u010diti da su, po njenom mi\u0161ljenju, upravo \u2018iregularne migracije\u2019 glavna prijetnja \u2018solidarnosti, du\u0161evnom miru i sigurnosti\u2019 Evropljana.<\/p>\n<p>Prakti\u010dki do kraja pisma van der Leyen se bavi isklju\u010divo pitanjima koja spadaju u domenu izbjegli\u010dke politike: navodi da je u pripremi novi pakt o migracijama i azilu, da \u0107e se formirati \u2018novi putovi\u2019 za legalne migracije kako bi se \u2018doveli ljudi s vje\u0161tinama i talentima koje na\u0161a ekonomija i tr\u017ei\u0161te rada trebaju\u2019, zaziva stvaranje \u2018sigurnosne unije\u2019, \u2018povezivanje unutarnje i vanjske sigurnosti\u2019, te \u2018pobolj\u0161anje sposobnosti sprje\u010davanja, detektiranja i odgovaranja na hibridne prijetnje\u2019. Ako je suditi po onome \u0161to je nova predsjednica Komisije napisala u pismu povjereniku Schinasu, jedino \u0161to ugro\u017eava \u2018na\u0161 evropski na\u010din \u017eivota\u2019 su migracije, a jedini na\u010din da se taj \u2018na\u010din \u017eivota\u2019 za\u0161titi jest ja\u010danje Tvr\u0111ave Evrope.<\/p>\n<p>Ovako to vidi i politolog dr. Joachim Becker, profesor politi\u010dke ekonomije na be\u010dkom Sveu\u010dili\u0161tu ekonomije i poduzetni\u0161tva, koji se akademski bavi i desnim pokretima u Evropi. On je za Novosti rekao da se \u2018sve donedavno socijalna dr\u017eava smatrala jednom od temeljnih karakteristika suvremenog \u2018evropskog na\u010dina \u017eivota\u2019, dok to sada o\u010digledno vi\u0161e nije slu\u010daj\u2019.<\/p>\n<blockquote><p>MANDAT POVJERENIKA ZA \u2018NA\u0160 EVROPSKI NA\u010cIN \u017dIVOTA\u2019 OTKRIVA DA JE CILJ NOVE KOMISIJE KONSTRUIRANJE EVROPEIZIRANE DR\u017dAVE KOMPETITIVNOSTI I SIGURNOSTI. POTONJA SE IMPLICITNO DEFINIRA KAO VANJSKA SIGURNOST, U SKLADU S DISKURSOM NACIONALISTI\u010cKE DESNICE \u2013 KA\u017dE JOACHIM BECKER<\/p><\/blockquote>\n<p>&#8211; U pismu koje je predsjednica Komisije napisala povjereniku Schinasu socijalna se dr\u017eava uop\u0107e ne spominje. Radnici se spominju tek u kontekstu nu\u017enosti da ih se \u2018opremi za snala\u017eenje na na\u0161em evoluiraju\u0107em tr\u017ei\u0161tu rada\u2019, dok se nijednom rije\u010dju ne spominju za\u0161tita radni\u010dkih prava ni omogu\u0107avanje dostojnog \u017eivota nezaposlenima. Sva radni\u010dka pitanja prakti\u010dki su svedena na zapo\u0161ljivost, pobolj\u0161anje mobilnosti unutar EU-a i stvaranje nove evropske migracijske politike koja tako\u0111er mora biti u skladu s \u2018potrebama tr\u017ei\u0161ta rada\u2019. Koncept sigurnosti implicitno se definira u okvirima vanjske sigurnosti, \u0161to je u skladu s diskursom nacionalisti\u010dke desnice koji sve vi\u0161e usvajaju vode\u0107e liberalno-konzervativne stranke, i to ne samo demokr\u0161\u0107anske. Ovaj diskurs nagla\u0161ava kontrolu granica i me\u0111unarodnu sigurnosnu suradnju, a kroz pitanje \u2018me\u0111unarodnog terorizma\u2019 povezuju se unutarnja i vanjska sigurnost. Izvan te definicije sigurnosti ostaje pitanje socijalne sigurnosti, \u0161to je tipi\u010dno za na\u010din razmi\u0161ljanja desnice &#8211; rekao nam je Becker.<\/p>\n<p>Ovakav stav sadr\u017eajno ne predstavlja ni\u0161ta novo u evropskoj izbjegli\u010dkoj politici, s obzirom na to da se ona i dosad bazirala na ja\u010danju vanjskih granica, prebacivanju kontrole migrantskih puteva na azijske i afri\u010dke vlade, sprje\u010davanju humanitarnih operacija na Mediteranu i odr\u017eavanju subhumanih uvjeta \u017eivota u izbjegli\u010dkim kampovima. No ekspliciranje i objedinjavanje ovakvih politika u jednom ministarstvu predstavlja novu razinu usvajanja diskursa krajnje desnice od strane evropskih pu\u010dana, osobito kada se u obzir uzme \u010dinjenica da von der Leyen dolazi iz stranke njema\u010dke kancelarke Angele Merkel, koja je zagovarala i u svojoj zemlji provodila druga\u010diju izbjegli\u010dku politiku. S druge strane, Ursula von der Leyen u politi\u010dkim smjernicama koje je napisala uo\u010di kandidature za predsjednicu EK-a navela je \u2018za\u0161titu evropskog na\u010dina \u017eivota\u2019 kao jednu od \u0161est osnovnih \u2018ambicija\u2019 novog sastava Komisije i tamo me\u0111u glavne mehanizme za realizaciju novog pakta o migracijama i azilu uvrstila i plan za ja\u010danje Frontexa uz pomo\u0107 10.000 novih grani\u010dnih policajaca prije sada\u0161njeg plana da se to u\u010dini do 2027. godine.<\/p>\n<p>I u samom manifestu EPP-a, napisanom uo\u010di izbora za Evropski parlament u svibnju ove godine, u drugom poglavlju naslovljenom \u2018Evropa koja \u0161titi svoje gra\u0111ane\u2019, navodi se ista namjera o ja\u010danju Frontexa uz pomo\u0107 istog broja policajaca, kao i najnovijih tehnologija koje uklju\u010duju bespilotne letjelice i \u2018prava na direktno interveniranje du\u017e zajedni\u010dke vanjske granice kako bi se definitivno zaustavio cini\u010dan biznis \u0161vercera i trgovaca ljudima\u2019. U poglavlju naslovljenom istim nazivom kao i novo ministarstvo \u2013 \u2018Evropa koja \u0161titi na\u0161 na\u010din \u017eivota\u2019 \u2013 evropski pu\u010dani u prvoj re\u010denici do kraja eksplicitno poja\u0161njavaju ono \u0161to je Ursula von der Leyen u svojim dokumentima donekle razvodnila: \u2018Ono \u0161to Evropu \u010dini jedinstvenom u svijetu na\u0161e je bogato kulturno naslije\u0111e, na\u0161a zajedni\u010dka povijest i na\u0161i zajedni\u010dki judeo-kr\u0161\u0107anski korijeni.\u2019<\/p>\n<p>Ursula von der Leyen, izvijestili su mediji, iznenadila se reakcijama na imena koja je dala povjerenstvima te izjavila da joj je cilj bio \u2018prisvojiti retoriku sigurnosti i prijetnje od krajnje desnice\u2019. Usput se za\u010dudila i otkud takve kritike kada je njezin sastav povjerenika najinkluzivniji od svih dosada\u0161njih jer se sastoji od 13 \u017eena i 14 mu\u0161karaca, ne primje\u0107uju\u0107i pritom da su svi oni bijelci.<\/p>\n<p>Ovom je izjavom prakti\u010dki priznala ono \u0161to joj se zamjera, usvajanje diskursa krajnje desnice, \u0161to, uostalom, i nije naro\u010dito nova praksa ni za stranke centra ni za tehnokratske vlade, koje se ve\u0107 du\u017ee vrijeme koriste strategijom prisvajanja retorike krajnje desnice kako bi je time, navodno, neutralizirale i otupile o\u0161tricu antiestabli\u0161ment populista. No dok se centristi bave dokazano proma\u0161enim strategijama, nacionalisti\u010dke vlade u dr\u017eavama \u010dlanicama EU-a ve\u0107 godinama pomalo rasta\u010du ste\u010dena prava manjinskih skupina, medijske slobode, neovisnost pravosu\u0111a, demokraciju i vladavinu prava, a sada, kako vidimo, predstavnici tih istih \u010dlanica takve politike afirmiraju u najvi\u0161em evropskom tijelu izvr\u0161ne vlasti, a svoje nacionalne politike uzdi\u017eu na razinu evropskih.<\/p>\n<p>&#8211; Jedinstvo se definira isklju\u010divo kulturalnim terminima, dok se bazi\u010dni dru\u0161tveni razdor izme\u0111u kapitala i rada ne spominje, jednako kao ni bilo koji drugi oblici materijalne nejednakosti &#8211; ka\u017ee Joachim Becker komentiraju\u0107i ukupni smjer kojim \u0107e se nova Komisija, prema dostupnim uvidima, kretati.<\/p>\n<p>&#8211; Komisija daje prioritet kompetitivnosti, kojoj se pod\u010dinjavaju svi drugi pa tako i socijalni interesi. Takav neoliberalni na\u010din postavljanja prioriteta u skladu je s interesima poslovne zajednice, dok mandat povjerenika za \u2018na\u0161 evropski na\u010din \u017eivota\u2019 otkriva da je temeljni cilj nove Komisije konstruiranje evropeizirane dr\u017eave kompetitivnosti i sigurnosti &#8211; zaklju\u010duje Becker.<\/p>\n<p><a href=\"https:\/\/www.portalnovosti.com\/rdjava-evropa\">Portal Novosti<\/a><\/p>\n","protected":false},"excerpt":{"rendered":"<p>\u010cime bi se to imalo baviti novo povjerenstvo za \u2018za\u0161titu na\u0161eg evropskog na\u010dina \u017eivota\u2019?<\/p>\n","protected":false},"author":1,"featured_media":0,"comment_status":"open","ping_status":"closed","sticky":false,"template":"","format":"standard","meta":{"_seopress_robots_primary_cat":"","_seopress_titles_title":"","_seopress_titles_desc":"","_seopress_robots_index":"","_et_pb_use_builder":"","_et_pb_old_content":"","_et_gb_content_width":"","inline_featured_image":false,"footnotes":""},"categories":[5],"tags":[],"class_list":["post-274238","post","type-post","status-publish","format-standard","hentry","category-drugi-pisu"],"_links":{"self":[{"href":"https:\/\/www.pcnen.com\/portal\/wp-json\/wp\/v2\/posts\/274238","targetHints":{"allow":["GET"]}}],"collection":[{"href":"https:\/\/www.pcnen.com\/portal\/wp-json\/wp\/v2\/posts"}],"about":[{"href":"https:\/\/www.pcnen.com\/portal\/wp-json\/wp\/v2\/types\/post"}],"author":[{"embeddable":true,"href":"https:\/\/www.pcnen.com\/portal\/wp-json\/wp\/v2\/users\/1"}],"replies":[{"embeddable":true,"href":"https:\/\/www.pcnen.com\/portal\/wp-json\/wp\/v2\/comments?post=274238"}],"version-history":[{"count":0,"href":"https:\/\/www.pcnen.com\/portal\/wp-json\/wp\/v2\/posts\/274238\/revisions"}],"wp:attachment":[{"href":"https:\/\/www.pcnen.com\/portal\/wp-json\/wp\/v2\/media?parent=274238"}],"wp:term":[{"taxonomy":"category","embeddable":true,"href":"https:\/\/www.pcnen.com\/portal\/wp-json\/wp\/v2\/categories?post=274238"},{"taxonomy":"post_tag","embeddable":true,"href":"https:\/\/www.pcnen.com\/portal\/wp-json\/wp\/v2\/tags?post=274238"}],"curies":[{"name":"wp","href":"https:\/\/api.w.org\/{rel}","templated":true}]}}