{"id":274102,"date":"2019-09-21T15:49:03","date_gmt":"2019-09-21T13:49:03","guid":{"rendered":"http:\/\/www.pcnen.com\/portal\/?p=274102"},"modified":"2019-09-21T17:57:14","modified_gmt":"2019-09-21T15:57:14","slug":"privedeni-aktivisti-kod-a-zbog-snimanja-deponije","status":"publish","type":"post","link":"https:\/\/www.pcnen.com\/portal\/2019\/09\/21\/privedeni-aktivisti-kod-a-zbog-snimanja-deponije\/","title":{"rendered":"Privedeni aktivisti KOD-a zbog snimanja deponije"},"content":{"rendered":"<p>\u010clanovi nevladine Organizacije KOD Sr\u0111an Peri\u0107, Petar Go\u0161ovi\u0107 i Budislav Mini\u0107 privedeni su danas u blizini Deponije u Podgorici.<\/p>\n<p>Iz Uprave policije portalu Vijesti je re\u010deno da je trojicu aktivista KOD-a prijavio stra\u017ear u preduze\u0107u Deponija, jer su bez dozvole snimali dronom.<\/p>\n<p>&#8220;Dovedeni su u prostorije Centra bezbjednosti Podgorica i trenutno se od njih uzimaju izjave u svojstvu gra\u0111ana. Nemaju status lica li\u0161enih slobode. O doga\u0111aju je obavije\u0161ten nadle\u017eni tu\u017eilac&#8221;, kazao je sagovornik iz UP.<\/p>\n<p>Kako PCNEN saznaje iz pouzdanih izvora, aktivisti su snimali deponiju dronom registrovanim u Agenciji za civilno vazduhoplovstvo. a imali su i sve potrebne dozvole za snimanje.<\/p>\n<p>Izvor je pojasnio da su Peri\u0107, Mini\u0107 i Go\u0161ovi\u0107 bili van objekta deponije i da su poku\u0161avali da snime mjesta na kojima se, po prijavi gra\u0111ana i na osnovu informacija koje KOD posjeduje, nelegalno odla\u017eu gume i drugi krupni otpad.<\/p>\n","protected":false},"excerpt":{"rendered":"<p>Kako PCNEN saznaje,  aktivisti su snimali deponiju dronom registrovanim u Agenciji za civilno vazduhoplovstvo. a imali su i sve potrebne dozvole  za snimanje <\/p>\n","protected":false},"author":1,"featured_media":274115,"comment_status":"open","ping_status":"closed","sticky":false,"template":"","format":"standard","meta":{"_seopress_robots_primary_cat":"","_seopress_titles_title":"","_seopress_titles_desc":"","_seopress_robots_index":"","_et_pb_use_builder":"","_et_pb_old_content":"","_et_gb_content_width":"","inline_featured_image":false,"footnotes":""},"categories":[14,12],"tags":[],"class_list":["post-274102","post","type-post","status-publish","format-standard","has-post-thumbnail","hentry","category-vijesti","category-prica-dana"],"_links":{"self":[{"href":"https:\/\/www.pcnen.com\/portal\/wp-json\/wp\/v2\/posts\/274102","targetHints":{"allow":["GET"]}}],"collection":[{"href":"https:\/\/www.pcnen.com\/portal\/wp-json\/wp\/v2\/posts"}],"about":[{"href":"https:\/\/www.pcnen.com\/portal\/wp-json\/wp\/v2\/types\/post"}],"author":[{"embeddable":true,"href":"https:\/\/www.pcnen.com\/portal\/wp-json\/wp\/v2\/users\/1"}],"replies":[{"embeddable":true,"href":"https:\/\/www.pcnen.com\/portal\/wp-json\/wp\/v2\/comments?post=274102"}],"version-history":[{"count":0,"href":"https:\/\/www.pcnen.com\/portal\/wp-json\/wp\/v2\/posts\/274102\/revisions"}],"wp:featuredmedia":[{"embeddable":true,"href":"https:\/\/www.pcnen.com\/portal\/wp-json\/wp\/v2\/media\/274115"}],"wp:attachment":[{"href":"https:\/\/www.pcnen.com\/portal\/wp-json\/wp\/v2\/media?parent=274102"}],"wp:term":[{"taxonomy":"category","embeddable":true,"href":"https:\/\/www.pcnen.com\/portal\/wp-json\/wp\/v2\/categories?post=274102"},{"taxonomy":"post_tag","embeddable":true,"href":"https:\/\/www.pcnen.com\/portal\/wp-json\/wp\/v2\/tags?post=274102"}],"curies":[{"name":"wp","href":"https:\/\/api.w.org\/{rel}","templated":true}]}}