{"id":274040,"date":"2019-09-20T12:11:55","date_gmt":"2019-09-20T10:11:55","guid":{"rendered":"http:\/\/www.pcnen.com\/portal\/?p=274040"},"modified":"2019-09-20T12:29:56","modified_gmt":"2019-09-20T10:29:56","slug":"korupcija-u-vrhovnom-drzavnom-tuzilastvu-3","status":"publish","type":"post","link":"https:\/\/www.pcnen.com\/portal\/2019\/09\/20\/korupcija-u-vrhovnom-drzavnom-tuzilastvu-3\/","title":{"rendered":"Korupcija u Vrhovnom dr\u017eavnom tu\u017eila\u0161tvu #3"},"content":{"rendered":"<p>Na novom snimku, koji je danas objavio Du\u0161ko Kne\u017eevi\u0107, sekretar Vrhovnog dr\u017eavnog tu\u017eila\u0161tva Nenad Vujo\u0161evi\u0107 Neno prepri\u010dava svoj sastanak Vrhovnim dr\u017eavnim tu\u017eiocem Ivicom Stankovi\u0107em u Igalu i obavje\u0161tava Kne\u017eevi\u0107a da se Stankovi\u0107 &#8220;uozbiljio&#8221; kada je \u010duo da \u0107e iza\u0107i snimak sa informacijom da je uzimao novac, pi\u0161e u saop\u0161tenju Pres slu\u017ebe Atlas grupe.<\/p>\n<p>Stankovi\u0107 daje uputstvo Vujo\u0161evi\u0107u da se obrati tu\u017eiteljki Lidiji Vuk\u010devi\u0107, koja pristaje da se iz pritvora pusti Dejan Sekuli\u0107, ali ka\u017ee da za to mora dobiti saglasnost SDT-a Milivoja Katni\u0107a.<\/p>\n<p>Vujo\u0161evi\u0107 ka\u017ee da je Stankovic ucijenjen ve\u0107 20 godina, da je znao imena svih firmi kojima je tu\u017eila\u0161tvo trebalo da deblokira novac, a za \u0161ta je Stankovi\u0107 prethodno uzimao mito.<\/p>\n<p>Vujo\u0161evi\u0107 ga obavje\u0161tava da zna da je njegov sin sa izvjesnim Bori\u010di\u0107em od Kne\u017eevi\u0107a zahtijevao da njemu daje novac za tu\u017eioce, da on bude posrednik umjesto Vujo\u0161evi\u0107a.<\/p>\n<p>Pominje &#8220;tatine investitore&#8221;, koji su sinu Stankovi\u0107a kupili stan u Beogradu&#8230;<\/p>\n<p><iframe loading=\"lazy\" title=\"Du\u0161ko Kne\u017eevi\u0107 - Nenad Vujo\u0161evi\u0107 Neno \/ Tre\u0107i razgovor\" width=\"1080\" height=\"608\" src=\"https:\/\/www.youtube.com\/embed\/za8ATQMh5Tc?feature=oembed\" frameborder=\"0\" allow=\"accelerometer; autoplay; clipboard-write; encrypted-media; gyroscope; picture-in-picture; web-share\" allowfullscreen><\/iframe><\/p>\n","protected":false},"excerpt":{"rendered":"<p>Kne\u017eevi\u0107: Imam &#8216;bombu&#8217; za Katni\u0107a<\/p>\n","protected":false},"author":1,"featured_media":0,"comment_status":"open","ping_status":"closed","sticky":false,"template":"","format":"standard","meta":{"_seopress_robots_primary_cat":"","_seopress_titles_title":"","_seopress_titles_desc":"","_seopress_robots_index":"","_et_pb_use_builder":"","_et_pb_old_content":"","_et_gb_content_width":"","inline_featured_image":false,"footnotes":""},"categories":[14,12],"tags":[],"class_list":["post-274040","post","type-post","status-publish","format-standard","hentry","category-vijesti","category-prica-dana"],"_links":{"self":[{"href":"https:\/\/www.pcnen.com\/portal\/wp-json\/wp\/v2\/posts\/274040","targetHints":{"allow":["GET"]}}],"collection":[{"href":"https:\/\/www.pcnen.com\/portal\/wp-json\/wp\/v2\/posts"}],"about":[{"href":"https:\/\/www.pcnen.com\/portal\/wp-json\/wp\/v2\/types\/post"}],"author":[{"embeddable":true,"href":"https:\/\/www.pcnen.com\/portal\/wp-json\/wp\/v2\/users\/1"}],"replies":[{"embeddable":true,"href":"https:\/\/www.pcnen.com\/portal\/wp-json\/wp\/v2\/comments?post=274040"}],"version-history":[{"count":0,"href":"https:\/\/www.pcnen.com\/portal\/wp-json\/wp\/v2\/posts\/274040\/revisions"}],"wp:attachment":[{"href":"https:\/\/www.pcnen.com\/portal\/wp-json\/wp\/v2\/media?parent=274040"}],"wp:term":[{"taxonomy":"category","embeddable":true,"href":"https:\/\/www.pcnen.com\/portal\/wp-json\/wp\/v2\/categories?post=274040"},{"taxonomy":"post_tag","embeddable":true,"href":"https:\/\/www.pcnen.com\/portal\/wp-json\/wp\/v2\/tags?post=274040"}],"curies":[{"name":"wp","href":"https:\/\/api.w.org\/{rel}","templated":true}]}}