{"id":274033,"date":"2019-09-20T11:07:07","date_gmt":"2019-09-20T09:07:07","guid":{"rendered":"http:\/\/www.pcnen.com\/portal\/?p=274033"},"modified":"2019-09-20T11:07:07","modified_gmt":"2019-09-20T09:07:07","slug":"australija-veliki-protesti-protiv-klimatskih-promjena","status":"publish","type":"post","link":"https:\/\/www.pcnen.com\/portal\/2019\/09\/20\/australija-veliki-protesti-protiv-klimatskih-promjena\/","title":{"rendered":"Australija: Veliki protesti protiv klimatskih promjena"},"content":{"rendered":"<p>Desetine hiljada demonstranata se okupilo na protestima \u0161irom Australije, na dan globalnih demonstracija u kojima se zahtijeva akcija za za\u0161titu planete od klimatskih promjena, a uo\u010di zasijedanja Generalne skup\u0161tine UN u Njujorku.<\/p>\n<p>Neki od prvih mitinga u \u201eGlobalnom klimatskom napadu\u201c po\u010deli su u najve\u0107em australijskom gradu Sidneju i glavnom gradu Kanberi, prenosi Rojters.<\/p>\n<p>Australijski demonstranti su pozvali svoju dr\u017eavu, koja je najve\u0107i izvoznik uglja i te\u010dnog prirodnog gasa na svijetu, da preduzmu drasti\u010dnije akcije za smanjenje emisije gasova sa efektom staklene ba\u0161te.<\/p>\n<p>Organizatori procjenjuju da je vi\u0161e od 300.000 demonstranata iza\u0161lo na ulice na najve\u0107im demonstracijama koje je ta zemlja vidjela od po\u010detka Ira\u010dkog rata 2003. godine.<\/p>\n<p>Protesti su odr\u017eani u 110 gradova \u0161irom Australije, a organizatori zahtijevaju da se vlada i privreda obave\u017eu da dostignu cilj od nulte emisije ugljendioksida do 2030. godine.<\/p>\n","protected":false},"excerpt":{"rendered":"<p>Protesti su odr\u017eani u 110 gradova \u0161irom Australije, a organizatori zahtijevaju da se vlada i privreda obave\u017eu da dostignu cilj od nulte emisije ugljendioksida do 2030. <\/p>\n","protected":false},"author":1,"featured_media":0,"comment_status":"open","ping_status":"closed","sticky":false,"template":"","format":"standard","meta":{"_seopress_robots_primary_cat":"","_seopress_titles_title":"","_seopress_titles_desc":"","_seopress_robots_index":"","_et_pb_use_builder":"","_et_pb_old_content":"","_et_gb_content_width":"","inline_featured_image":false,"footnotes":""},"categories":[14],"tags":[],"class_list":["post-274033","post","type-post","status-publish","format-standard","hentry","category-vijesti"],"_links":{"self":[{"href":"https:\/\/www.pcnen.com\/portal\/wp-json\/wp\/v2\/posts\/274033","targetHints":{"allow":["GET"]}}],"collection":[{"href":"https:\/\/www.pcnen.com\/portal\/wp-json\/wp\/v2\/posts"}],"about":[{"href":"https:\/\/www.pcnen.com\/portal\/wp-json\/wp\/v2\/types\/post"}],"author":[{"embeddable":true,"href":"https:\/\/www.pcnen.com\/portal\/wp-json\/wp\/v2\/users\/1"}],"replies":[{"embeddable":true,"href":"https:\/\/www.pcnen.com\/portal\/wp-json\/wp\/v2\/comments?post=274033"}],"version-history":[{"count":0,"href":"https:\/\/www.pcnen.com\/portal\/wp-json\/wp\/v2\/posts\/274033\/revisions"}],"wp:attachment":[{"href":"https:\/\/www.pcnen.com\/portal\/wp-json\/wp\/v2\/media?parent=274033"}],"wp:term":[{"taxonomy":"category","embeddable":true,"href":"https:\/\/www.pcnen.com\/portal\/wp-json\/wp\/v2\/categories?post=274033"},{"taxonomy":"post_tag","embeddable":true,"href":"https:\/\/www.pcnen.com\/portal\/wp-json\/wp\/v2\/tags?post=274033"}],"curies":[{"name":"wp","href":"https:\/\/api.w.org\/{rel}","templated":true}]}}