{"id":274025,"date":"2019-09-20T10:02:22","date_gmt":"2019-09-20T08:02:22","guid":{"rendered":"http:\/\/www.pcnen.com\/portal\/?p=274025"},"modified":"2019-09-20T10:12:19","modified_gmt":"2019-09-20T08:12:19","slug":"uhapsen-nenad-vujosevic","status":"publish","type":"post","link":"https:\/\/www.pcnen.com\/portal\/2019\/09\/20\/uhapsen-nenad-vujosevic\/","title":{"rendered":"Uhap\u0161en Nenad Vujo\u0161evi\u0107"},"content":{"rendered":"<p>Sagovornik TV Vijesti dodaje da \u0107e se on uskoro na\u0107i u Specijalnom Tu\u017eila\u0161tvu.<\/p>\n<p>Vujo\u0161evi\u0107 se sumnji\u010di da je dio kriminalne grupe na \u010dijem je \u010delu predsjednik Atlas grupe Du\u0161ko Kne\u017eevi\u0107.<\/p>\n<p>On je u telefonskim razgovorima sa Kne\u017eevi\u0107em<a href=\"http:\/\/www.pcnen.com\/portal\/2019\/09\/15\/knezevic-objavio-dokaze-o-korupciji-u-tuzilastvu\/\"> tvrdio da je podmi\u0107ivao Vrhovnog tu\u017eioca<\/a> Ivicu Stankovi\u0107a, koji je to demantovao.<\/p>\n<p>Vujo\u0161evi\u0107 je pro\u0161log petka <a href=\"http:\/\/www.pcnen.com\/portal\/2019\/09\/16\/vujosevic-napustio-cg\/\">napustio Crnu Goru dva dana<\/a> prije objavljivanja prvog audio snimka.<\/p>\n<p>Du\u0161ko Kne\u017eevi\u0107 je u razgovoru za Na\u010disto kazao je da je podmi\u0107ivanjem tu\u017eilaca omogu\u0107io da dio blokiranog novca stranih klijenata u Atlas i IBM- banci bude odblokiran. Najavio je i nove snimke u kojima se pominje sin Ivice Stankovi\u0107a.<\/p>\n","protected":false},"excerpt":{"rendered":"<p>Sekretar VDT-a Nenad Vujo\u0161evi\u0107 je uhap\u0161en ne\u0161to poslije 9:30 na podgori\u010dkom aerodromu, saznaje TV Vijesti.<\/p>\n","protected":false},"author":1,"featured_media":0,"comment_status":"open","ping_status":"closed","sticky":false,"template":"","format":"standard","meta":{"_seopress_robots_primary_cat":"","_seopress_titles_title":"","_seopress_titles_desc":"","_seopress_robots_index":"","_et_pb_use_builder":"","_et_pb_old_content":"","_et_gb_content_width":"","inline_featured_image":false,"footnotes":""},"categories":[14,12],"tags":[],"class_list":["post-274025","post","type-post","status-publish","format-standard","hentry","category-vijesti","category-prica-dana"],"_links":{"self":[{"href":"https:\/\/www.pcnen.com\/portal\/wp-json\/wp\/v2\/posts\/274025","targetHints":{"allow":["GET"]}}],"collection":[{"href":"https:\/\/www.pcnen.com\/portal\/wp-json\/wp\/v2\/posts"}],"about":[{"href":"https:\/\/www.pcnen.com\/portal\/wp-json\/wp\/v2\/types\/post"}],"author":[{"embeddable":true,"href":"https:\/\/www.pcnen.com\/portal\/wp-json\/wp\/v2\/users\/1"}],"replies":[{"embeddable":true,"href":"https:\/\/www.pcnen.com\/portal\/wp-json\/wp\/v2\/comments?post=274025"}],"version-history":[{"count":0,"href":"https:\/\/www.pcnen.com\/portal\/wp-json\/wp\/v2\/posts\/274025\/revisions"}],"wp:attachment":[{"href":"https:\/\/www.pcnen.com\/portal\/wp-json\/wp\/v2\/media?parent=274025"}],"wp:term":[{"taxonomy":"category","embeddable":true,"href":"https:\/\/www.pcnen.com\/portal\/wp-json\/wp\/v2\/categories?post=274025"},{"taxonomy":"post_tag","embeddable":true,"href":"https:\/\/www.pcnen.com\/portal\/wp-json\/wp\/v2\/tags?post=274025"}],"curies":[{"name":"wp","href":"https:\/\/api.w.org\/{rel}","templated":true}]}}