{"id":273951,"date":"2019-09-19T06:43:12","date_gmt":"2019-09-19T04:43:12","guid":{"rendered":"http:\/\/www.pcnen.com\/portal\/?p=273951"},"modified":"2019-09-19T06:46:11","modified_gmt":"2019-09-19T04:46:11","slug":"danas-svi-mediji-nicice-padaju-pred-kaptolom","status":"publish","type":"post","link":"https:\/\/www.pcnen.com\/portal\/2019\/09\/19\/danas-svi-mediji-nicice-padaju-pred-kaptolom\/","title":{"rendered":"Danas svi mediji ni\u010dice padaju pred Kaptolom"},"content":{"rendered":"<p><strong>Autorica: Katarina Luketi\u0107<\/strong><\/p>\n<p>\u201eOno \u0161to se dogodilo tijekom rata ne mo\u017ee se ni izbrisati ni popraviti, ali kad \u010dujemo da se napadi u Uzdolju i \u0110evrskama, kao \u0161to je to napravila predsjednica Kolinda Grabar Kitarovi\u0107, tuma\u010de kao izolirani incident i huliganizam, jasno je da ne\u0161to ne valja. Sofisti su imali zanimljivo pitanje: \u010dini li jedno zrno gomilu p\u0161enice? Pa bi krenuli od jednog zrna koje nije gomila, pa pet, deset, sto, hiljadu. Koji i dalje nisu gomila. Ali hiljadu i jedno zrno postanu gomila. Dakle, \u010dini li jedno zrno gomilu? To nisu incidenti, nego su dio neousta\u0161kog projekta\u201c, poru\u010dio je Igor Mandi\u0107, knji\u017eevnik i veliki esejista na <a href=\"https:\/\/www.facebook.com\/festival.falis\/\">Festivalu alternative i ljevice \u0160ibenik (FALI\u0160).<\/a><\/p>\n<p>Na prepunoj \u0161ibenskoj Maloj lo\u017ei Mandi\u0107, ina\u010de ro\u0111eni \u0160iben\u010danin koji za dva mjeseca puni 80 godina \u017eivota, do\u010dekan je uz veliki pljesak, a u ne\u0161to vi\u0161e od sat vremena, dotaknuo se brojnih tema &#8211; jasno i glasno kako je to \u010dinio cijelu svoju profesionalnu karijeru, od kojih je dio, posljednjih nekoliko godina, proveo i redovito pi\u0161u\u0107i kolumne za Lupigu. Unato\u010d brojnom auditoriju, popev\u0161i se na pozornicu, primijetio je kako mo\u017ee govoriti i bez mikrofona, a da ga se \u010duje.<\/p>\n<blockquote><p>\u010cOVJEK TREBA BITI SR\u010cAN, A KOD NAS SE NITKO NE BUNI. MLITAVA I U\u010cMALA KULTURA PRELILA SE POPUT MO\u010cVARE PREKO CIJELE HRVATSKE KULTURE<\/p><\/blockquote>\n<p>\u201eMo\u017eda me posljednji put vidite \u017eivoga. John Cleese je to rekao na balkanskoj turneji. Smrt je smije\u0161na. Svuda je oko nas. Za\u0161to bih se toga trebao bojati? O\u010dekivao sam da \u0107u umrijeti kao i drugi sli\u010dni meni, poput Tomislava Ladana ili Branimira Donata u 76. godini, ali nisam. Nitko nije savr\u0161en\u201c, rekao je Mandi\u0107. Upitan za\u0161to je kao svoju nacionalnost jednom prilikom naveo BRh+, odgovorio je da se radilo o \u0161ali.<\/p>\n<p>\u201eUredno sam kr\u0161ten i i\u0161ao u crkvu, ali mi je na \u017eivce i\u0161lo pomahnitalo urlanje da je biti Hrvat neka velika prednost. Pametni ljudi se toga odri\u010du. \u0160to je sadr\u017eaj hrvatstva? Antisrpstvo? Mene to ne zanima! Zato sam se opredijelio za BRh+. To mi je nacionalnost&#8221;, odgovorio je knji\u017eevnik kojem je ove godine dodijeljen po\u010dasni doktorat na rije\u010dkom sveu\u010dili\u0161tu.<\/p>\n<p>Mandi\u0107 je primijetio i kako je kleronacionalizam pokorio cijelu naciju do nevjerojatnih granica i da danas svi mediji ni\u010dice padaju pred Kaptolom. Govorio je i o \u201eBijeloj knjizi\u201c Stipe \u0160uvara, optu\u017euju\u0107em dokumentu koji je 1984. godine sastavio Centar za idejni rad Centralnog komiteta Saveza komunista Hrvatske, a u kojoj se i sam na\u0161ao.<\/p>\n<p>\u201eBijelu knjigu je napravio Centar za idejni rad pri Centralnom komitetu SK Hrvatske koju je tada vodio Stipe \u0160uvar, a koji se kasnije pokazao kao vrlo solidan mislilac i pisac. Ali za vrijeme komunizma bio je stvarno jedan kumrove\u010dki \u0107ata. On je sa svojom ekipom mladih juri\u0161nika koje je predvodio Goran Babi\u0107, jedan talentirani hrvatski pjesnik rodom s Visa koji se tako posvadio sa svom hrvatskom kulturom da je emigrirao u Srbiju. Ta ekipa je napravila jednu hrpu izvadaka i slo\u017eila citate iz djela \u010ditavoga niza hrvatskih, srpskih, slovenskih bosanskih i makedonskih pisaca, filozofa, kriti\u010dara, filma\u0161a i tako dalje, ne bi li dokazali da su oni na putu idejnog skretanja prema nekim kapitalisti\u010dkim tendencijama. \u0160to je bila obi\u010dna glupost\u201c, prisjetio se Mandi\u0107, objasniv\u0161i i kako je u toj knjizi najvi\u0161e bilo intelektualaca iz Srbije, \u0161to su, neformalno, u tada\u0161njem Dru\u0161tvu knji\u017eevnika Hrvatske, ka\u017ee, prokomentirali s \u201eneka malo i oni najebu\u201c.<\/p>\n<blockquote><p>UREDNO SAM KR\u0160TEN I I\u0160AO U CRKVU, ALI MI JE NA \u017dIVCE I\u0160LO POMAHNITALO URLANJE DA JE BITI HRVAT NEKA VELIKA PREDNOST. PAMETNI LJUDI SE TOGA ODRI\u010cU. \u0160TO JE SADR\u017dAJ HRVATSTVA? ANTISRPSTVO? MENE TO NE ZANIMA! ZATO SAM SE OPREDIJELIO ZA BRH+. TO MI JE NACIONALNOST<\/p><\/blockquote>\n<p>Nekoliko rije\u010di posvetio je i konvertitima, primijetiv\u0161i kako \u201ebiv\u0161i komunisti seru da nosu bili komunisti nego su u partiji bili kako bi je podrivali iznutra\u201c. Uz smijeh je dodao da je i on sam htio u\u0107i u partiju, kao golobradi mladi\u0107 od 15-16 godina, ali ga nisu primili. Kratku poruku poslao je i onima koji se danas osje\u0107aju \u201eljevi\u010darima\u201c.<\/p>\n<p>\u201eDana\u0161nji bi ljevi\u010dar najprije svojim djelima trebao dokazati da je istinski ljevi\u010dar, a ne salonski. \u010covjek treba biti sr\u010dan, a kod nas se nitko ne buni. Mlitava i u\u010dmala kultura prelila se poput mo\u010dvare preko cijele hrvatske kulture. Tek tu i tamo neki po novinama isko\u010de\u201c, ka\u017ee Mandi\u0107.<\/p>\n<p>Ponovio je i svoju tezu o Hrvatskoj kao proma\u0161enoj dr\u017eavi, zbog koje ga se ve\u0107 godina \u201erazapinje\u201c, ali i dometnuo da je to jednako tako i Srbija, kao i \u201esve ove male dr\u017eavice\u201c proiza\u0161le iz SFR Jugoslavije.<\/p>\n<p>\u201eNe tvrdim da trebamo opet biti zajedno. Mo\u017eda bismo mogli na\u0107i neki zajedni\u010dki \u017eivot, ne kao pojedinci, jer oko toga uglavnom nema problema, nego kao etni\u010dke konglomeracije koje bi mogle prona\u0107i svoj \u017eivot. Ljudi se me\u0111usobno posje\u0107uju, neki se i grle, ljube, vole i \u017eene. Kao \u0161to vidimo kriminalci dobro sura\u0111uju i s jedne i s druge strane granice, pa estradni pjeva\u010di, pa \u010dak i kulturnjaci. Jedino se politi\u010dke elite kao neki tvrdoglavi magarci ne\u0107e nikako zbli\u017eiti\u201c, rekao je Mandi\u0107.<\/p>\n<p><a href=\"https:\/\/lupiga.com\/vijesti\/video-intervju-igor-mandic-na-falis-u-danas-svi-mediji-nicice-padaju-pred-kaptolom\">Lupiga.com<\/a><\/p>\n","protected":false},"excerpt":{"rendered":"<p>To nisu incidenti, nego su dio neousta\u0161kog projekta, poru\u010dio je Igor Mandi\u0107, knji\u017eevnik i esejista na Festivalu alternative i ljevice \u0160ibenik (FALI\u0160).<\/p>\n","protected":false},"author":1,"featured_media":273952,"comment_status":"open","ping_status":"closed","sticky":false,"template":"","format":"standard","meta":{"_seopress_robots_primary_cat":"","_seopress_titles_title":"","_seopress_titles_desc":"","_seopress_robots_index":"","_et_pb_use_builder":"","_et_pb_old_content":"","_et_gb_content_width":"","inline_featured_image":false,"footnotes":""},"categories":[5],"tags":[],"class_list":["post-273951","post","type-post","status-publish","format-standard","has-post-thumbnail","hentry","category-drugi-pisu"],"_links":{"self":[{"href":"https:\/\/www.pcnen.com\/portal\/wp-json\/wp\/v2\/posts\/273951","targetHints":{"allow":["GET"]}}],"collection":[{"href":"https:\/\/www.pcnen.com\/portal\/wp-json\/wp\/v2\/posts"}],"about":[{"href":"https:\/\/www.pcnen.com\/portal\/wp-json\/wp\/v2\/types\/post"}],"author":[{"embeddable":true,"href":"https:\/\/www.pcnen.com\/portal\/wp-json\/wp\/v2\/users\/1"}],"replies":[{"embeddable":true,"href":"https:\/\/www.pcnen.com\/portal\/wp-json\/wp\/v2\/comments?post=273951"}],"version-history":[{"count":0,"href":"https:\/\/www.pcnen.com\/portal\/wp-json\/wp\/v2\/posts\/273951\/revisions"}],"wp:featuredmedia":[{"embeddable":true,"href":"https:\/\/www.pcnen.com\/portal\/wp-json\/wp\/v2\/media\/273952"}],"wp:attachment":[{"href":"https:\/\/www.pcnen.com\/portal\/wp-json\/wp\/v2\/media?parent=273951"}],"wp:term":[{"taxonomy":"category","embeddable":true,"href":"https:\/\/www.pcnen.com\/portal\/wp-json\/wp\/v2\/categories?post=273951"},{"taxonomy":"post_tag","embeddable":true,"href":"https:\/\/www.pcnen.com\/portal\/wp-json\/wp\/v2\/tags?post=273951"}],"curies":[{"name":"wp","href":"https:\/\/api.w.org\/{rel}","templated":true}]}}