{"id":273926,"date":"2019-09-18T12:40:13","date_gmt":"2019-09-18T10:40:13","guid":{"rendered":"http:\/\/www.pcnen.com\/portal\/?p=273926"},"modified":"2019-09-18T12:42:33","modified_gmt":"2019-09-18T10:42:33","slug":"knezevic-objavio-jos-jedan-snimak","status":"publish","type":"post","link":"https:\/\/www.pcnen.com\/portal\/2019\/09\/18\/knezevic-objavio-jos-jedan-snimak\/","title":{"rendered":"Kne\u017eevi\u0107 objavio jo\u0161 jedan snimak"},"content":{"rendered":"<p>Nakon <a href=\"http:\/\/www.pcnen.com\/portal\/2019\/09\/15\/knezevic-objavio-dokaze-o-korupciji-u-tuzilastvu\/\">prvog snimka<\/a> u kojem sekretar Vrhovnog dr\u017eavnog tu\u017eila\u0161tva Nenad Vujo\u0161evi\u0107 Neno govori kako je predavao novac Vrhovnom dr\u017eavnom tu\u017eiocu Ivici Stankovi\u0107u, na ovom snimku Vujo\u0161evi\u0107 obavje\u0161tava Du\u0161ka Kne\u017eevi\u0107a da je pri\u010dao sa Specijalnim dr\u017eavnim tu\u017eiocem Milivojem Katni\u0107em.<\/p>\n<p>Prethodno je u Igalu razgovarao sa Ivicom Stankovi\u0107em na zahtjev Kne\u017eevi\u0107a, prenose\u0107i mu Kne\u017eevi\u0107evu poruku da \u0107e objaviti da ga je potpla\u0107ivao ako ne pusti iz pritvora Dejana Sekuli\u0107a, pi\u0161e u saop\u0161tenju Press slu\u017ebe Atlas grupe.<\/p>\n<p>U ovom snimku Vujo\u0161evi\u0107 obavje\u0161tava Kne\u017eevi\u0107a da mu je Stankovi\u0107 rekao da se javi tu\u017eiteljki Lidiji Vuk\u010devi\u0107, koja ga potom poziva da do\u0111e kod Katni\u0107a.<\/p>\n<p>Katni\u0107 saop\u0161tava Vujo\u0161evi\u0107u da \u0107e pustiti Sekuli\u0107a za dan-dva. Prenosi Vujo\u0161evi\u0107u da ne mo\u017ee odmah da ne bi javnost pomislila da se prepao od Kne\u017eevi\u0107a po\u0161to je ve\u0107 bio najavio u medijima da \u0107e objaviti snimak&#8230;<\/p>\n<p>&nbsp;<\/p>\n<p>https:\/\/youtube.com\/watch?v=paZ3gaus1Lo<\/p>\n","protected":false},"excerpt":{"rendered":"<p>Vujo\u0161evi\u0107 obavje\u0161tava Kne\u017eevi\u0107a da mu je Stankovi\u0107 rekao da se javi tu\u017eiteljki Lidiji Vuk\u010devi\u0107, koja ga potom poziva da do\u0111e kod Katni\u0107a.<\/p>\n","protected":false},"author":1,"featured_media":0,"comment_status":"open","ping_status":"closed","sticky":false,"template":"","format":"standard","meta":{"_seopress_robots_primary_cat":"","_seopress_titles_title":"","_seopress_titles_desc":"","_seopress_robots_index":"","_et_pb_use_builder":"","_et_pb_old_content":"","_et_gb_content_width":"","inline_featured_image":false,"footnotes":""},"categories":[14,12],"tags":[],"class_list":["post-273926","post","type-post","status-publish","format-standard","hentry","category-vijesti","category-prica-dana"],"_links":{"self":[{"href":"https:\/\/www.pcnen.com\/portal\/wp-json\/wp\/v2\/posts\/273926","targetHints":{"allow":["GET"]}}],"collection":[{"href":"https:\/\/www.pcnen.com\/portal\/wp-json\/wp\/v2\/posts"}],"about":[{"href":"https:\/\/www.pcnen.com\/portal\/wp-json\/wp\/v2\/types\/post"}],"author":[{"embeddable":true,"href":"https:\/\/www.pcnen.com\/portal\/wp-json\/wp\/v2\/users\/1"}],"replies":[{"embeddable":true,"href":"https:\/\/www.pcnen.com\/portal\/wp-json\/wp\/v2\/comments?post=273926"}],"version-history":[{"count":0,"href":"https:\/\/www.pcnen.com\/portal\/wp-json\/wp\/v2\/posts\/273926\/revisions"}],"wp:attachment":[{"href":"https:\/\/www.pcnen.com\/portal\/wp-json\/wp\/v2\/media?parent=273926"}],"wp:term":[{"taxonomy":"category","embeddable":true,"href":"https:\/\/www.pcnen.com\/portal\/wp-json\/wp\/v2\/categories?post=273926"},{"taxonomy":"post_tag","embeddable":true,"href":"https:\/\/www.pcnen.com\/portal\/wp-json\/wp\/v2\/tags?post=273926"}],"curies":[{"name":"wp","href":"https:\/\/api.w.org\/{rel}","templated":true}]}}